{"id":19830,"date":"2025-08-29T09:01:39","date_gmt":"2025-08-29T12:01:39","guid":{"rendered":"https:\/\/www.miguelfaccio.com.br\/blog\/?p=19830"},"modified":"2025-08-29T09:01:43","modified_gmt":"2025-08-29T12:01:43","slug":"plv4204-livro-28-diario-22-03-2023","status":"publish","type":"post","link":"https:\/\/www.miguelfaccio.com.br\/blog\/index.php\/plv4204-livro-28-diario-22-03-2023\/","title":{"rendered":"PLV4204 \u2013 Livro 28 \u2013 Di\u00e1rio, 22\/03\/2023"},"content":{"rendered":"\n<p class=\"has-text-align-right\"><strong>22\/03\/2023<\/strong><\/p>\n\n\n\n<p>Estamos todos imersos neste am\u00e1lgama que se transformou a energia deste planeta. As mentes desequilibradas est\u00e3o a todo o vapor agindo, especialmente na Am\u00e9rica Latina. Onde os aproveitadores de plant\u00e3o est\u00e3o amontoando tudo que \u00e9 poss\u00edvel para seus bolsos e a popula\u00e7\u00e3o, esta, serve apenas para os servir e, quando nem para isso servem mais mandam excluir, bem como todos os que se interp\u00f5e em seus caminhos. Como se diz por essa terra, estamos no fim da picada. O conserto de tudo isso \u00e9 urgente e necessita tomadas de posi\u00e7\u00f5es extremas daqueles que comandam energeticamente este planeta. A insensatez humana ainda grosa em seu solo. A incapacidade de pensar \u00e0 n\u00edvel evolutivo, fixaram-se apenas nas coisas materiais e delas fizeram o \u00fanico motivo de sua vida. Sua capacidade mental n\u00e3o \u00e9 capaz de sopesar o quanto nos favorece a evolu\u00e7\u00e3o espiritual da energia que somos. A extin\u00e7\u00e3o do joio, que insiste em continuar a vicejar sobre o planeta, precisa ser estripada para que o planeta prossiga sua caminhada evolutiva deixando para tr\u00e1s a terceira dimens\u00e3o. Sei que todo o in\u00edcio \u00e9 dif\u00edcil e a dificuldade da evolu\u00e7\u00e3o \u00e0 uma oitava superior de energia precisa de muita op\u00e7\u00e3o e engajamento daqueles que se candidatam a participar desta subida energ\u00e9tica.<\/p>\n","protected":false},"excerpt":{"rendered":"<p>22\/03\/2023 Estamos todos imersos neste am\u00e1lgama que se transformou a energia deste planeta. As mentes desequilibradas est\u00e3o a todo o vapor agindo, especialmente na Am\u00e9rica Latina. Onde os aproveitadores de plant\u00e3o est\u00e3o amontoando tudo que \u00e9 poss\u00edvel para seus bolsos e a popula\u00e7\u00e3o, esta, serve apenas para os servir e, quando nem para isso servem [&hellip;]<\/p>\n","protected":false},"author":1,"featured_media":0,"comment_status":"open","ping_status":"open","sticky":false,"template":"","format":"standard","meta":{"_mi_skip_tracking":false},"categories":[34],"tags":[],"_links":{"self":[{"href":"https:\/\/www.miguelfaccio.com.br\/blog\/index.php\/wp-json\/wp\/v2\/posts\/19830"}],"collection":[{"href":"https:\/\/www.miguelfaccio.com.br\/blog\/index.php\/wp-json\/wp\/v2\/posts"}],"about":[{"href":"https:\/\/www.miguelfaccio.com.br\/blog\/index.php\/wp-json\/wp\/v2\/types\/post"}],"author":[{"embeddable":true,"href":"https:\/\/www.miguelfaccio.com.br\/blog\/index.php\/wp-json\/wp\/v2\/users\/1"}],"replies":[{"embeddable":true,"href":"https:\/\/www.miguelfaccio.com.br\/blog\/index.php\/wp-json\/wp\/v2\/comments?post=19830"}],"version-history":[{"count":1,"href":"https:\/\/www.miguelfaccio.com.br\/blog\/index.php\/wp-json\/wp\/v2\/posts\/19830\/revisions"}],"predecessor-version":[{"id":19831,"href":"https:\/\/www.miguelfaccio.com.br\/blog\/index.php\/wp-json\/wp\/v2\/posts\/19830\/revisions\/19831"}],"wp:attachment":[{"href":"https:\/\/www.miguelfaccio.com.br\/blog\/index.php\/wp-json\/wp\/v2\/media?parent=19830"}],"wp:term":[{"taxonomy":"category","embeddable":true,"href":"https:\/\/www.miguelfaccio.com.br\/blog\/index.php\/wp-json\/wp\/v2\/categories?post=19830"},{"taxonomy":"post_tag","embeddable":true,"href":"https:\/\/www.miguelfaccio.com.br\/blog\/index.php\/wp-json\/wp\/v2\/tags?post=19830"}],"curies":[{"name":"wp","href":"https:\/\/api.w.org\/{rel}","templated":true}]}}