{"id":19816,"date":"2025-08-26T08:53:40","date_gmt":"2025-08-26T11:53:40","guid":{"rendered":"https:\/\/www.miguelfaccio.com.br\/blog\/?p=19816"},"modified":"2025-08-26T08:53:42","modified_gmt":"2025-08-26T11:53:42","slug":"plv4201-livro-28-diario-19-03-2023","status":"publish","type":"post","link":"https:\/\/www.miguelfaccio.com.br\/blog\/index.php\/plv4201-livro-28-diario-19-03-2023\/","title":{"rendered":"PLV4201 \u2013 Livro 28 \u2013 Di\u00e1rio, 19\/03\/2023"},"content":{"rendered":"\n<p class=\"has-text-align-right\"><strong>19\/03\/2023<\/strong><\/p>\n\n\n\n<p>Estamos chegando pr\u00f3ximos a grande transforma\u00e7\u00e3o do planeta. Tudo est\u00e1 indicado que j\u00e1 est\u00e1 se processando as bases dessa nova situa\u00e7\u00e3o planet\u00e1ria. Os grandes Mestres j\u00e1 anteciparam algumas informa\u00e7\u00f5es e acontecimentos que pressagiam a grande passagem. \u00c9 propriamente o maior evento que esta Terra j\u00e1 vira e participara. Essa transforma\u00e7\u00e3o mexer\u00e1 com todas as estruturas do planeta. Quando da efetiva\u00e7\u00e3o total, nada mais ser\u00e1 como antes. Instalar-se-\u00e1 uma nova din\u00e2mica, uma situa\u00e7\u00e3o de evolu\u00e7\u00e3o m\u00ednima para poder participar da Nova Terra. Ser\u00e1 sua maioridade, e inclusive a condi\u00e7\u00e3o de participar da Confedera\u00e7\u00e3o Gal\u00e1ctica. Sua nova classifica\u00e7\u00e3o de mundos lhe garantir\u00e1 essa participa\u00e7\u00e3o. Isso \u00e9 mais que suficiente para que afinemos nossa participa\u00e7\u00e3o, buscando sempre aprimorar nossa evolu\u00e7\u00e3o com aquisi\u00e7\u00f5es de conhecimentos que dever\u00e3o abrir as portas da Nova Terra, para aqueles que a habitar\u00e3o, porque herdar\u00e3o asas que os levar\u00e1 at\u00e9 os confins do universo. Esses que habitar\u00e3o a Nova Terra, ter\u00e3o o V\u00e9u de Maya extinto, pois ter\u00e3o a vis\u00e3o, a consci\u00eancia e a situa\u00e7\u00e3o de esp\u00edritos em busca da evolu\u00e7\u00e3o. Tudo se tornar\u00e1 autoconsciente.<\/p>\n","protected":false},"excerpt":{"rendered":"<p>19\/03\/2023 Estamos chegando pr\u00f3ximos a grande transforma\u00e7\u00e3o do planeta. Tudo est\u00e1 indicado que j\u00e1 est\u00e1 se processando as bases dessa nova situa\u00e7\u00e3o planet\u00e1ria. Os grandes Mestres j\u00e1 anteciparam algumas informa\u00e7\u00f5es e acontecimentos que pressagiam a grande passagem. \u00c9 propriamente o maior evento que esta Terra j\u00e1 vira e participara. Essa transforma\u00e7\u00e3o mexer\u00e1 com todas as [&hellip;]<\/p>\n","protected":false},"author":1,"featured_media":0,"comment_status":"open","ping_status":"open","sticky":false,"template":"","format":"standard","meta":{"_mi_skip_tracking":false},"categories":[34],"tags":[],"_links":{"self":[{"href":"https:\/\/www.miguelfaccio.com.br\/blog\/index.php\/wp-json\/wp\/v2\/posts\/19816"}],"collection":[{"href":"https:\/\/www.miguelfaccio.com.br\/blog\/index.php\/wp-json\/wp\/v2\/posts"}],"about":[{"href":"https:\/\/www.miguelfaccio.com.br\/blog\/index.php\/wp-json\/wp\/v2\/types\/post"}],"author":[{"embeddable":true,"href":"https:\/\/www.miguelfaccio.com.br\/blog\/index.php\/wp-json\/wp\/v2\/users\/1"}],"replies":[{"embeddable":true,"href":"https:\/\/www.miguelfaccio.com.br\/blog\/index.php\/wp-json\/wp\/v2\/comments?post=19816"}],"version-history":[{"count":1,"href":"https:\/\/www.miguelfaccio.com.br\/blog\/index.php\/wp-json\/wp\/v2\/posts\/19816\/revisions"}],"predecessor-version":[{"id":19817,"href":"https:\/\/www.miguelfaccio.com.br\/blog\/index.php\/wp-json\/wp\/v2\/posts\/19816\/revisions\/19817"}],"wp:attachment":[{"href":"https:\/\/www.miguelfaccio.com.br\/blog\/index.php\/wp-json\/wp\/v2\/media?parent=19816"}],"wp:term":[{"taxonomy":"category","embeddable":true,"href":"https:\/\/www.miguelfaccio.com.br\/blog\/index.php\/wp-json\/wp\/v2\/categories?post=19816"},{"taxonomy":"post_tag","embeddable":true,"href":"https:\/\/www.miguelfaccio.com.br\/blog\/index.php\/wp-json\/wp\/v2\/tags?post=19816"}],"curies":[{"name":"wp","href":"https:\/\/api.w.org\/{rel}","templated":true}]}}