{"id":19812,"date":"2025-08-25T09:25:28","date_gmt":"2025-08-25T12:25:28","guid":{"rendered":"https:\/\/www.miguelfaccio.com.br\/blog\/?p=19812"},"modified":"2025-08-25T09:25:31","modified_gmt":"2025-08-25T12:25:31","slug":"plv4200-livro-28-diario-18-03-2023","status":"publish","type":"post","link":"https:\/\/www.miguelfaccio.com.br\/blog\/index.php\/plv4200-livro-28-diario-18-03-2023\/","title":{"rendered":"PLV4200 \u2013 Livro 28 \u2013 Di\u00e1rio, 18\/03\/2023"},"content":{"rendered":"\n<p class=\"has-text-align-right\"><strong>18\/03\/2023<\/strong><\/p>\n\n\n\n<p>N\u00e3o sei at\u00e9 que ponto isso tem influ\u00eancia do que est\u00e1 acontecendo com o ser humano e a subida para a quinta dimens\u00e3o. Estive conversando com um amigo que fora visitar parentes no Rio Grande do Sul e voltou apavorado com a grande quantidade de pessoas com viroses, que h\u00e1 por aquelas bandas. Por aqui, parece n\u00e3o ser diferente. Muita gente com gripes e diarreia. Nem nas grandes infesta\u00e7\u00f5es de covid-19 isso acontecia. Pode ser mesmo a consequ\u00eancia da transforma\u00e7\u00e3o da Terra, que est\u00e1 deixando a terceira dimens\u00e3o. N\u00e3o fa\u00e7o ideia se essa pode ser uma realidade, mas n\u00e3o d\u00e1 para descartar a possibilidade. Pe\u00e7amos a Deus que suas luzes derramadas sobre a humanidade auxiliam a dirimir essa possibilidade, e que, todos poderemos fazer \u00e9 queimar tudo isso com o Fogo da Chama Violeta, que na certeza ir\u00e1 transmutar o que \u00e9 negativo, retirando de sobre as costas do esp\u00edrito esse poss\u00edvel carma. Liberando assim plenamente, aos homens de boa vontade a subida mais r\u00e1pida para quinta dimens\u00e3o. Pleiteada h\u00e1 muito tempo, mas que agora j\u00e1 poderemos estar com um p\u00e9 dentro dela. A cada um que est\u00e1 passando por essa situa\u00e7\u00e3o, pe\u00e7a a Deus for\u00e7as para vencer e coragem de sempre lutar n\u00e3o s\u00f3 para o seu bem, mas tamb\u00e9m para o bem dos outros.<\/p>\n","protected":false},"excerpt":{"rendered":"<p>18\/03\/2023 N\u00e3o sei at\u00e9 que ponto isso tem influ\u00eancia do que est\u00e1 acontecendo com o ser humano e a subida para a quinta dimens\u00e3o. Estive conversando com um amigo que fora visitar parentes no Rio Grande do Sul e voltou apavorado com a grande quantidade de pessoas com viroses, que h\u00e1 por aquelas bandas. Por [&hellip;]<\/p>\n","protected":false},"author":1,"featured_media":0,"comment_status":"open","ping_status":"open","sticky":false,"template":"","format":"standard","meta":{"_mi_skip_tracking":false},"categories":[34],"tags":[],"_links":{"self":[{"href":"https:\/\/www.miguelfaccio.com.br\/blog\/index.php\/wp-json\/wp\/v2\/posts\/19812"}],"collection":[{"href":"https:\/\/www.miguelfaccio.com.br\/blog\/index.php\/wp-json\/wp\/v2\/posts"}],"about":[{"href":"https:\/\/www.miguelfaccio.com.br\/blog\/index.php\/wp-json\/wp\/v2\/types\/post"}],"author":[{"embeddable":true,"href":"https:\/\/www.miguelfaccio.com.br\/blog\/index.php\/wp-json\/wp\/v2\/users\/1"}],"replies":[{"embeddable":true,"href":"https:\/\/www.miguelfaccio.com.br\/blog\/index.php\/wp-json\/wp\/v2\/comments?post=19812"}],"version-history":[{"count":1,"href":"https:\/\/www.miguelfaccio.com.br\/blog\/index.php\/wp-json\/wp\/v2\/posts\/19812\/revisions"}],"predecessor-version":[{"id":19813,"href":"https:\/\/www.miguelfaccio.com.br\/blog\/index.php\/wp-json\/wp\/v2\/posts\/19812\/revisions\/19813"}],"wp:attachment":[{"href":"https:\/\/www.miguelfaccio.com.br\/blog\/index.php\/wp-json\/wp\/v2\/media?parent=19812"}],"wp:term":[{"taxonomy":"category","embeddable":true,"href":"https:\/\/www.miguelfaccio.com.br\/blog\/index.php\/wp-json\/wp\/v2\/categories?post=19812"},{"taxonomy":"post_tag","embeddable":true,"href":"https:\/\/www.miguelfaccio.com.br\/blog\/index.php\/wp-json\/wp\/v2\/tags?post=19812"}],"curies":[{"name":"wp","href":"https:\/\/api.w.org\/{rel}","templated":true}]}}