{"id":19808,"date":"2025-08-24T09:17:59","date_gmt":"2025-08-24T12:17:59","guid":{"rendered":"https:\/\/www.miguelfaccio.com.br\/blog\/?p=19808"},"modified":"2025-08-24T09:18:02","modified_gmt":"2025-08-24T12:18:02","slug":"plv4199-livro-28-diario-17-03-2023","status":"publish","type":"post","link":"https:\/\/www.miguelfaccio.com.br\/blog\/index.php\/plv4199-livro-28-diario-17-03-2023\/","title":{"rendered":"PLV4199 \u2013 Livro 28 \u2013 Di\u00e1rio, 17\/03\/2023"},"content":{"rendered":"\n<p class=\"has-text-align-right\"><strong>17\/03\/2023<\/strong><\/p>\n\n\n\n<p>Os governos dos poderosos est\u00e3o sempre dispostos a cutucarem-se mutuamente. N\u00e3o perdem oportunidade de estar presentes nas ditas e contraditas, sempre tentando desmontar sua agressividade, seu poderia b\u00e9lico e at\u00f4mico. S\u00e3o quais crian\u00e7as que gostam de brincar com cobras. Quando se d\u00e1 conta, j\u00e1 est\u00e1 mordida. Muitas dessa gera\u00e7\u00e3o passaram, ao menos, para uma guerra mundial. Sabem o que acontece, n\u00e3o podem justificar ignor\u00e2ncia porque seria a maior insanidade. N\u00e3o sei o que pensam esses governantes belicosos, ser\u00e1 que se julgam imortais? Podem esconderem-se no mais profundo bunker que uma hora ou outra ter\u00e1 que p\u00f4r o nariz para fora. A\u00ed ter\u00e1 a dimens\u00e3o de sua insensatez. Se lan\u00e7ar uma bomba at\u00f4mica sobre algu\u00e9m, receber\u00e1 de volta 10. Isso ser\u00e1 o fim da Terra como a conhecemos. A Terra n\u00e3o ser\u00e1 mais um planeta azul, ser\u00e1 de uma cor cinza amarelada, e tornar-se-\u00e1 mais um planeta sem vida. Esse planeta que fora criado para ser a estrela da liberdade, est\u00e1 na depend\u00eancia de apenas alguns homens sua destrui\u00e7\u00e3o, ou tornar-se a estrela da liberdade. Pedimos ao criador de todas as coisas, a intercess\u00e3o sobre a mente dessa humanidade, que parece, s\u00f3 veio o mundo para brigar.<\/p>\n","protected":false},"excerpt":{"rendered":"<p>17\/03\/2023 Os governos dos poderosos est\u00e3o sempre dispostos a cutucarem-se mutuamente. N\u00e3o perdem oportunidade de estar presentes nas ditas e contraditas, sempre tentando desmontar sua agressividade, seu poderia b\u00e9lico e at\u00f4mico. S\u00e3o quais crian\u00e7as que gostam de brincar com cobras. Quando se d\u00e1 conta, j\u00e1 est\u00e1 mordida. Muitas dessa gera\u00e7\u00e3o passaram, ao menos, para uma [&hellip;]<\/p>\n","protected":false},"author":1,"featured_media":0,"comment_status":"open","ping_status":"open","sticky":false,"template":"","format":"standard","meta":{"_mi_skip_tracking":false},"categories":[34],"tags":[],"_links":{"self":[{"href":"https:\/\/www.miguelfaccio.com.br\/blog\/index.php\/wp-json\/wp\/v2\/posts\/19808"}],"collection":[{"href":"https:\/\/www.miguelfaccio.com.br\/blog\/index.php\/wp-json\/wp\/v2\/posts"}],"about":[{"href":"https:\/\/www.miguelfaccio.com.br\/blog\/index.php\/wp-json\/wp\/v2\/types\/post"}],"author":[{"embeddable":true,"href":"https:\/\/www.miguelfaccio.com.br\/blog\/index.php\/wp-json\/wp\/v2\/users\/1"}],"replies":[{"embeddable":true,"href":"https:\/\/www.miguelfaccio.com.br\/blog\/index.php\/wp-json\/wp\/v2\/comments?post=19808"}],"version-history":[{"count":1,"href":"https:\/\/www.miguelfaccio.com.br\/blog\/index.php\/wp-json\/wp\/v2\/posts\/19808\/revisions"}],"predecessor-version":[{"id":19809,"href":"https:\/\/www.miguelfaccio.com.br\/blog\/index.php\/wp-json\/wp\/v2\/posts\/19808\/revisions\/19809"}],"wp:attachment":[{"href":"https:\/\/www.miguelfaccio.com.br\/blog\/index.php\/wp-json\/wp\/v2\/media?parent=19808"}],"wp:term":[{"taxonomy":"category","embeddable":true,"href":"https:\/\/www.miguelfaccio.com.br\/blog\/index.php\/wp-json\/wp\/v2\/categories?post=19808"},{"taxonomy":"post_tag","embeddable":true,"href":"https:\/\/www.miguelfaccio.com.br\/blog\/index.php\/wp-json\/wp\/v2\/tags?post=19808"}],"curies":[{"name":"wp","href":"https:\/\/api.w.org\/{rel}","templated":true}]}}