{"id":19802,"date":"2025-08-23T09:26:00","date_gmt":"2025-08-23T12:26:00","guid":{"rendered":"https:\/\/www.miguelfaccio.com.br\/blog\/?p=19802"},"modified":"2025-08-23T09:26:03","modified_gmt":"2025-08-23T12:26:03","slug":"plv4198-livro-28-diario-16-03-2023","status":"publish","type":"post","link":"https:\/\/www.miguelfaccio.com.br\/blog\/index.php\/plv4198-livro-28-diario-16-03-2023\/","title":{"rendered":"PLV4198 \u2013 Livro 28 \u2013 Di\u00e1rio, 16\/03\/2023"},"content":{"rendered":"\n<p class=\"has-text-align-right\"><strong>16\/03\/2023<\/strong><\/p>\n\n\n\n<p>Estranhamos as formas como anda nosso planeta. O resultado dos eventos naturais que normalmente acontecem, que em uma pequena compara\u00e7\u00e3o superam em muit\u00edssimo sua intensidade, comparativamente aos acontecidos antes da metade do s\u00e9culo passado. A mesma despropor\u00e7\u00e3o do modo de vida da juventude e dos adultos jovens, comparativamente ao mesmo per\u00edodo. Hoje, quase d\u00e1 para dizer, o ser humano n\u00e3o vive, vegeta atr\u00e1s da tela de um celular. Fazem desta telinha insana seu companheiro de todas as horas. Pensam, agem e fazem aquilo que a tela manda, e, d\u00e1 at\u00e9 para dizer que aqueles que comandam essas telinhas, n\u00e3o s\u00e3o bem-intencionados. Imprimem aos que os ouvem, apenas aquilo que atrai a aten\u00e7\u00e3o, mesmo que seja desprovido de qualquer objetivo evolutivo, tanto mais ainda em apresentar algo que se refira \u00e0 nossa dualidade, especialmente o esp\u00edrito. Tolhem a capacidade mental, racional e l\u00f3gica, porque p\u00f5e em seu lugar princ\u00edpios d\u00fabios ou totalmente desconectados da verdade. Aqui est\u00e1, um pouco do fator que aumenta a intensidade dos eventos naturais, pois s\u00e3o tamb\u00e9m acalentados pela energia emanado dos humanos como um todo. O planeta est\u00e1 se limpando para sua metamorfose para a quinta dimens\u00e3o.<\/p>\n","protected":false},"excerpt":{"rendered":"<p>16\/03\/2023 Estranhamos as formas como anda nosso planeta. O resultado dos eventos naturais que normalmente acontecem, que em uma pequena compara\u00e7\u00e3o superam em muit\u00edssimo sua intensidade, comparativamente aos acontecidos antes da metade do s\u00e9culo passado. A mesma despropor\u00e7\u00e3o do modo de vida da juventude e dos adultos jovens, comparativamente ao mesmo per\u00edodo. Hoje, quase d\u00e1 [&hellip;]<\/p>\n","protected":false},"author":1,"featured_media":0,"comment_status":"open","ping_status":"open","sticky":false,"template":"","format":"standard","meta":{"_mi_skip_tracking":false},"categories":[34],"tags":[],"_links":{"self":[{"href":"https:\/\/www.miguelfaccio.com.br\/blog\/index.php\/wp-json\/wp\/v2\/posts\/19802"}],"collection":[{"href":"https:\/\/www.miguelfaccio.com.br\/blog\/index.php\/wp-json\/wp\/v2\/posts"}],"about":[{"href":"https:\/\/www.miguelfaccio.com.br\/blog\/index.php\/wp-json\/wp\/v2\/types\/post"}],"author":[{"embeddable":true,"href":"https:\/\/www.miguelfaccio.com.br\/blog\/index.php\/wp-json\/wp\/v2\/users\/1"}],"replies":[{"embeddable":true,"href":"https:\/\/www.miguelfaccio.com.br\/blog\/index.php\/wp-json\/wp\/v2\/comments?post=19802"}],"version-history":[{"count":1,"href":"https:\/\/www.miguelfaccio.com.br\/blog\/index.php\/wp-json\/wp\/v2\/posts\/19802\/revisions"}],"predecessor-version":[{"id":19803,"href":"https:\/\/www.miguelfaccio.com.br\/blog\/index.php\/wp-json\/wp\/v2\/posts\/19802\/revisions\/19803"}],"wp:attachment":[{"href":"https:\/\/www.miguelfaccio.com.br\/blog\/index.php\/wp-json\/wp\/v2\/media?parent=19802"}],"wp:term":[{"taxonomy":"category","embeddable":true,"href":"https:\/\/www.miguelfaccio.com.br\/blog\/index.php\/wp-json\/wp\/v2\/categories?post=19802"},{"taxonomy":"post_tag","embeddable":true,"href":"https:\/\/www.miguelfaccio.com.br\/blog\/index.php\/wp-json\/wp\/v2\/tags?post=19802"}],"curies":[{"name":"wp","href":"https:\/\/api.w.org\/{rel}","templated":true}]}}