{"id":19792,"date":"2025-08-21T09:39:18","date_gmt":"2025-08-21T12:39:18","guid":{"rendered":"https:\/\/www.miguelfaccio.com.br\/blog\/?p=19792"},"modified":"2025-08-21T09:39:21","modified_gmt":"2025-08-21T12:39:21","slug":"rcd4141-raios-ou-chamas","status":"publish","type":"post","link":"https:\/\/www.miguelfaccio.com.br\/blog\/index.php\/rcd4141-raios-ou-chamas\/","title":{"rendered":"RCD4141 Raios ou Chamas"},"content":{"rendered":"\n<p class=\"has-text-align-right\"><strong>Saint Germain <br>Atrav\u00e9s de Daniel Scranton<\/strong><\/p>\n\n\n\n<p>N\u00c3O LIMITE O USO DA CHAMA VIOLETA<\/p>\n\n\n\n<p>10 de agosto de 2025<\/p>\n\n\n\n<p>Eu Sou Saint Germain, Guardi\u00e3o da Chama Violeta.<\/p>\n\n\n\n<p>Convido voc\u00ea a trabalhar com a chama violeta da maneira que achar melhor. Se eu estivesse em forma humana agora, n\u00e3o limitaria os usos da chama violeta a apenas uma ou duas coisas. Voc\u00ea pode usar sua rela\u00e7\u00e3o com essa energia para se manifestar, para se curar.<\/p>\n\n\n\n<p>Voc\u00ea pode us\u00e1-la para ajudar com problemas, quest\u00f5es e desafios que enfrenta na vida. Voc\u00ea pode us\u00e1-la para limpar a energia de um ambiente e, claro, para limpar seu campo energ\u00e9tico. Voc\u00ea pode us\u00e1-la para curar uma parte do mundo que esteja passando por fome, guerra ou outros tipos de perturba\u00e7\u00f5es emocionais.<\/p>\n\n\n\n<p>N\u00e3o se limitem, nem limitem suas ferramentas. N\u00e3o presuma por um momento que eu acredito que a chama violeta seja a melhor ferramenta que voc\u00eas t\u00eam em suas caixas de ferramentas. Ela \u00e9 uma, e espero que seja uma entre muitas, e eu preferiria ver todos voc\u00eas usando-a de muitas maneiras, assim como eu atualmente.<\/p>\n\n\n\n<p>E assim, esta transmiss\u00e3o que estou trazendo atrav\u00e9s de Daniel \u00e9 para iniciar o uso da chama violeta dentro de cada um de voc\u00eas, para que saibam que t\u00eam esta ferramenta dispon\u00edvel o tempo todo, e eu tamb\u00e9m gostaria de saber que esta transmiss\u00e3o lhes deu uma ativa\u00e7\u00e3o para lembr\u00e1-los de que voc\u00eas t\u00eam esta ferramenta dispon\u00edvel o tempo todo.<\/p>\n\n\n\n<p>Portanto, da pr\u00f3xima vez que voc\u00ea estiver com dificuldades, ou lutando contra algu\u00e9m, lembre-se de que tem isso \u00e0 sua disposi\u00e7\u00e3o. \u00c9 uma ferramenta valiosa. \u00c9 uma ferramenta com mais utilidades do que eu consigo listar agora, mas continuarei listando mais porque quero expandir sua imagina\u00e7\u00e3o.<\/p>\n\n\n\n<p>Use-a para ativar a \u00e1gua que voc\u00ea est\u00e1 prestes a beber ou tomar banho. Use-a para trabalhar com as grades energ\u00e9ticas da M\u00e3e Terra. Use-a para limpar qualquer coisa da sua comida que ela possa estar carregando energeticamente. Use-a na medita\u00e7\u00e3o, na cura e na manifesta\u00e7\u00e3o.<\/p>\n\n\n\n<p>Visualize a chama violeta quando quiser entrar em um estado de maior paz ou quando quiser se abrir para canalizar. Use-a para se aterrar, imaginando-a saindo da sola dos seus p\u00e9s.<\/p>\n\n\n\n<p>Use-a para criar uma abertura no topo da sua cabe\u00e7a para que voc\u00ea possa receber mais. Use-a como uma ferramenta multifuncional, como uma consci\u00eancia, uma energia com a qual voc\u00ea sempre pode contar, e saiba que ela ser\u00e1 assim para voc\u00ea.<\/p>\n\n\n\n<p>Voc\u00ea est\u00e1 criando a sua realidade, mas \u00e9 mais f\u00e1cil usar as ferramentas de vibra\u00e7\u00e3o mais elevada que voc\u00ea tem \u00e0 sua disposi\u00e7\u00e3o para criar uma realidade que seja mais do seu agrado do que usar algo de vibra\u00e7\u00e3o mais baixa para criar uma experi\u00eancia futura de vibra\u00e7\u00e3o mais elevada para voc\u00ea.<\/p>\n\n\n\n<p>Se quiser acertar a cor, sugiro que pesquise. Existem muitas representa\u00e7\u00f5es da chama violeta que voc\u00ea pode encontrar, e voc\u00ea pode simplesmente procurar pela cor violeta em um dos seus maravilhosos mecanismos de busca.<\/p>\n\n\n\n<p>Sinta-se confort\u00e1vel com a sensa\u00e7\u00e3o ao seu redor e visualize-a apenas para elevar sua vibra\u00e7\u00e3o. Para criar melhores relacionamentos entre voc\u00ea e os outros, visualize-se envolvido pela chama violeta enquanto conversa ou at\u00e9 mesmo discute.<\/p>\n\n\n\n<p>Quero que voc\u00ea use outras ferramentas que possui e permita que sua intui\u00e7\u00e3o o guie quanto \u00e0 melhor ferramenta para voc\u00ea em qualquer momento, mas espero que voc\u00ea n\u00e3o limite mais o uso da chama violeta \u00e0 medida que avan\u00e7a.<\/p>\n\n\n\n<p>Esta \u00e9 uma bela jornada em que voc\u00ea est\u00e1, e voc\u00ea tem muitas outras ferramentas e dons para descobrir ao longo do seu caminho. Esteja aberto para que todos eles sejam de muitas utilidades para voc\u00ea.<\/p>\n\n\n\n<p>~ Eu Sou Saint Germain, Guardi\u00e3o da Chama Violeta<\/p>\n\n\n\n<p>Formata\u00e7\u00e3o e tradu\u00e7\u00e3o \u2013 Blog De Cora\u00e7\u00e3o a Cora\u00e7\u00e3o<\/p>\n\n\n\n<figure class=\"wp-block-embed\"><div class=\"wp-block-embed__wrapper\">\nhttp:\/\/www.decoracaoacoracao.blog.br\/\n<\/div><\/figure>\n\n\n\n<figure class=\"wp-block-embed\"><div class=\"wp-block-embed__wrapper\">\nhttp:\/\/stelalecocq.blogspot.com\n<\/div><\/figure>\n\n\n\n<figure class=\"wp-block-embed\"><div class=\"wp-block-embed__wrapper\">\nhttps:\/\/lecocq.wordpress.com\n<\/div><\/figure>\n\n\n\n<p>Instagram \u2013 @blogdecoracaoacoracao<\/p>\n\n\n\n<p>Informa\u00e7\u00f5es e Agendamentos para Mesa Qu\u00e2ntica Estelar, Mesa Pet, Mesa Qu\u00e2ntica 2.0, Florais de Bach, Sistema Regenerador Ashtariano, Sistema Arcturiano de Cura Multidimensional \u2013 lecocqmuller@gmail.com<\/p>\n\n\n\n<p>E-book \u201cMensagens dos Mestres \u2013 De Cora\u00e7\u00e3o a Cora\u00e7\u00e3o\u201d \u2013 https:\/\/mensagensdosmestres.blogspot.com\/<\/p>\n\n\n\n<figure class=\"wp-block-embed\"><div class=\"wp-block-embed__wrapper\">\nhttps:\/\/danielscranton.com\/\n<\/div><\/figure>\n\n\n\n<p>Respeite todos os cr\u00e9ditos ao compartilhar<\/p>\n\n\n\n<p>LUZ!<\/p>\n\n\n\n<p>STELA<\/p>\n","protected":false},"excerpt":{"rendered":"<p>Saint Germain Atrav\u00e9s de Daniel Scranton N\u00c3O LIMITE O USO DA CHAMA VIOLETA 10 de agosto de 2025 Eu Sou Saint Germain, Guardi\u00e3o da Chama Violeta. Convido voc\u00ea a trabalhar com a chama violeta da maneira que achar melhor. Se eu estivesse em forma humana agora, n\u00e3o limitaria os usos da chama violeta a apenas [&hellip;]<\/p>\n","protected":false},"author":1,"featured_media":0,"comment_status":"open","ping_status":"open","sticky":false,"template":"","format":"standard","meta":{"_mi_skip_tracking":false},"categories":[3],"tags":[],"_links":{"self":[{"href":"https:\/\/www.miguelfaccio.com.br\/blog\/index.php\/wp-json\/wp\/v2\/posts\/19792"}],"collection":[{"href":"https:\/\/www.miguelfaccio.com.br\/blog\/index.php\/wp-json\/wp\/v2\/posts"}],"about":[{"href":"https:\/\/www.miguelfaccio.com.br\/blog\/index.php\/wp-json\/wp\/v2\/types\/post"}],"author":[{"embeddable":true,"href":"https:\/\/www.miguelfaccio.com.br\/blog\/index.php\/wp-json\/wp\/v2\/users\/1"}],"replies":[{"embeddable":true,"href":"https:\/\/www.miguelfaccio.com.br\/blog\/index.php\/wp-json\/wp\/v2\/comments?post=19792"}],"version-history":[{"count":1,"href":"https:\/\/www.miguelfaccio.com.br\/blog\/index.php\/wp-json\/wp\/v2\/posts\/19792\/revisions"}],"predecessor-version":[{"id":19793,"href":"https:\/\/www.miguelfaccio.com.br\/blog\/index.php\/wp-json\/wp\/v2\/posts\/19792\/revisions\/19793"}],"wp:attachment":[{"href":"https:\/\/www.miguelfaccio.com.br\/blog\/index.php\/wp-json\/wp\/v2\/media?parent=19792"}],"wp:term":[{"taxonomy":"category","embeddable":true,"href":"https:\/\/www.miguelfaccio.com.br\/blog\/index.php\/wp-json\/wp\/v2\/categories?post=19792"},{"taxonomy":"post_tag","embeddable":true,"href":"https:\/\/www.miguelfaccio.com.br\/blog\/index.php\/wp-json\/wp\/v2\/tags?post=19792"}],"curies":[{"name":"wp","href":"https:\/\/api.w.org\/{rel}","templated":true}]}}