{"id":19790,"date":"2025-08-21T09:34:46","date_gmt":"2025-08-21T12:34:46","guid":{"rendered":"https:\/\/www.miguelfaccio.com.br\/blog\/?p=19790"},"modified":"2025-08-21T09:34:48","modified_gmt":"2025-08-21T12:34:48","slug":"plv4196-livro-28-diario-14-03-2023","status":"publish","type":"post","link":"https:\/\/www.miguelfaccio.com.br\/blog\/index.php\/plv4196-livro-28-diario-14-03-2023\/","title":{"rendered":"PLV4196 \u2013 Livro 28 \u2013 Di\u00e1rio, 14\/03\/2023"},"content":{"rendered":"\n<p class=\"has-text-align-right\"><strong>14\/03\/2023<\/strong><\/p>\n\n\n\n<p>A Terra como ber\u00e7o de humanidades, com certeza j\u00e1 passou pela primeira dimens\u00e3o, quando os seres rec\u00e9m-sa\u00eddos do pensamento do Deus Uno Pai\/M\u00e3e, e, a\u00ed permaneceram por pelo tempo necess\u00e1rio \u00e0 sua subida para a segunda dimens\u00e3o, onde o ser come\u00e7a a descobrir, experimentar, manipular as coisas. Tal qual uma crian\u00e7a, come\u00e7a a desenvolvendo o gosto, pois tudo o que pega, vai direto para a boca. Come\u00e7ar\u00e1 desenvolvendo, lentamente, outros sentidos, at\u00e9 o momento em que consegue o dom\u00ednio do pensamento, ent\u00e3o \u00e9 levado para a terceira dimens\u00e3o. Entra ent\u00e3o no criar e ressarcir. Por muito tempo ter\u00e1 que ficar nisso. Se estende at\u00e9 que seu consciente perceba que seus pensamentos s\u00e3o o poder criador que o iguala a Deus. Usando-o como degraus da escada evolutiva desenvolve-se rapidamente e pode alcan\u00e7ar a mestria, a chance de evolucionar para uma evolu\u00e7\u00e3o maior. Cumpre assim o primeiro passo para alcan\u00e7ar a perfei\u00e7\u00e3o, objetivo de todo ser ao ser criado. A Terra, assim como acontece com os esp\u00edritos que aqui aportam, tem tamb\u00e9m um objetivo evolutivo, subir de classifica\u00e7\u00e3o dentro da classifica\u00e7\u00e3o de mundos. Ela j\u00e1 conseguiu, est\u00e1 fazendo os primeiros passos para conseguir essa nova fase de planeta em evolu\u00e7\u00e3o para a quinta dimens\u00e3o. Logo, logo essa fase inicial estar\u00e1 completa e assim ter\u00e1 cumprida mais uma etapa evolutiva da Terra, que daqui a uns 10 ou 15 bilh\u00f5es de anos estar\u00e1 pleiteando outra evolu\u00e7\u00e3o.<\/p>\n","protected":false},"excerpt":{"rendered":"<p>14\/03\/2023 A Terra como ber\u00e7o de humanidades, com certeza j\u00e1 passou pela primeira dimens\u00e3o, quando os seres rec\u00e9m-sa\u00eddos do pensamento do Deus Uno Pai\/M\u00e3e, e, a\u00ed permaneceram por pelo tempo necess\u00e1rio \u00e0 sua subida para a segunda dimens\u00e3o, onde o ser come\u00e7a a descobrir, experimentar, manipular as coisas. Tal qual uma crian\u00e7a, come\u00e7a a desenvolvendo [&hellip;]<\/p>\n","protected":false},"author":1,"featured_media":0,"comment_status":"open","ping_status":"open","sticky":false,"template":"","format":"standard","meta":{"_mi_skip_tracking":false},"categories":[34],"tags":[],"_links":{"self":[{"href":"https:\/\/www.miguelfaccio.com.br\/blog\/index.php\/wp-json\/wp\/v2\/posts\/19790"}],"collection":[{"href":"https:\/\/www.miguelfaccio.com.br\/blog\/index.php\/wp-json\/wp\/v2\/posts"}],"about":[{"href":"https:\/\/www.miguelfaccio.com.br\/blog\/index.php\/wp-json\/wp\/v2\/types\/post"}],"author":[{"embeddable":true,"href":"https:\/\/www.miguelfaccio.com.br\/blog\/index.php\/wp-json\/wp\/v2\/users\/1"}],"replies":[{"embeddable":true,"href":"https:\/\/www.miguelfaccio.com.br\/blog\/index.php\/wp-json\/wp\/v2\/comments?post=19790"}],"version-history":[{"count":1,"href":"https:\/\/www.miguelfaccio.com.br\/blog\/index.php\/wp-json\/wp\/v2\/posts\/19790\/revisions"}],"predecessor-version":[{"id":19791,"href":"https:\/\/www.miguelfaccio.com.br\/blog\/index.php\/wp-json\/wp\/v2\/posts\/19790\/revisions\/19791"}],"wp:attachment":[{"href":"https:\/\/www.miguelfaccio.com.br\/blog\/index.php\/wp-json\/wp\/v2\/media?parent=19790"}],"wp:term":[{"taxonomy":"category","embeddable":true,"href":"https:\/\/www.miguelfaccio.com.br\/blog\/index.php\/wp-json\/wp\/v2\/categories?post=19790"},{"taxonomy":"post_tag","embeddable":true,"href":"https:\/\/www.miguelfaccio.com.br\/blog\/index.php\/wp-json\/wp\/v2\/tags?post=19790"}],"curies":[{"name":"wp","href":"https:\/\/api.w.org\/{rel}","templated":true}]}}