{"id":19788,"date":"2025-08-20T08:42:17","date_gmt":"2025-08-20T11:42:17","guid":{"rendered":"https:\/\/www.miguelfaccio.com.br\/blog\/?p=19788"},"modified":"2025-08-20T08:42:20","modified_gmt":"2025-08-20T11:42:20","slug":"rcd4140-raios-ou-chamas","status":"publish","type":"post","link":"https:\/\/www.miguelfaccio.com.br\/blog\/index.php\/rcd4140-raios-ou-chamas\/","title":{"rendered":"RCD4140 Raios ou Chamas"},"content":{"rendered":"\n<p class=\"has-text-align-right\"><strong>O Conselho Intergal\u00e1ctico de Andr\u00f4meda<br>Atrav\u00e9s de Chellea Wilder<\/strong><\/p>\n\n\n\n<p>VOC\u00ca EST\u00c1 EXPERIMENTANDO PICOS DE ENERGIA<\/p>\n\n\n\n<p>10 de agosto de 2025<\/p>\n\n\n\n<p>Sauda\u00e7\u00f5es na Luz e no Amor do nosso Criador Infinito.<\/p>\n\n\n\n<p>Aproveitamos os momentos que compartilhamos com todos voc\u00eas. Obrigado por esta Transmiss\u00e3o.<\/p>\n\n\n\n<p>Nestes preciosos momentos, N\u00f3s, o Conselho Intergal\u00e1ctico de Andr\u00f4meda e muitos outros de suas fam\u00edlias estelares, por decreto Divino, estamos agora Amplificando as energias que cercam a Terra. Isso est\u00e1 criando ondas de poder dentro de voc\u00eas.<\/p>\n\n\n\n<p>Voc\u00eas est\u00e3o se sentindo preenchidos por um renovado senso de motiva\u00e7\u00e3o e coragem. Voc\u00eas est\u00e3o sentindo e agora vivenciando as vibra\u00e7\u00f5es da 5\u00aa dimens\u00e3o, \u00e0 medida que o momento se aproxima do grande evento.<\/p>\n\n\n\n<p>Esta for\u00e7a revigorante n\u00e3o vai ceder e continuar\u00e1 a se amplificar. Esta energia amplificada atua como um catalisador, impulsionando voc\u00eas a se libertarem das garras da Ilus\u00e3o.<\/p>\n\n\n\n<p>Toda a Terra est\u00e1 sentindo essas frequ\u00eancias mais elevadas, e isso est\u00e1 levando muitos a questionar tudo, incluindo seu prop\u00f3sito de vida.<\/p>\n\n\n\n<p>Voc\u00eas come\u00e7am a se aprofundar no que realmente importa para voc\u00eas, examinando suas cren\u00e7as e valores essenciais. Essa introspec\u00e7\u00e3o se torna um impulso poderoso que os compele a buscar o alinhamento com seus eus aut\u00eanticos.<\/p>\n\n\n\n<p>Ao explorar suas motiva\u00e7\u00f5es, voc\u00ea poder\u00e1 descobrir que muitos de seus pensamentos e a\u00e7\u00f5es n\u00e3o est\u00e3o enraizados em sua verdadeira ess\u00eancia, mas sim em expectativas externas ou press\u00f5es sociais.<\/p>\n\n\n\n<p>O poder transformador que acompanha essas energias amplificadas serve como um motivador significativo, facilitando a a\u00e7\u00e3o e o movimento em dire\u00e7\u00e3o \u00e0 Luz. Ela o encoraja a dar passos decisivos em dire\u00e7\u00e3o ao crescimento espiritual e \u00e0 realiza\u00e7\u00e3o do seu potencial.<\/p>\n\n\n\n<p>Para aqueles que j\u00e1 se sentiram hesitantes ou indecisos em trilhar o Caminho espiritual, essa energia pode ser particularmente libertadora. Ela inspira um senso de urg\u00eancia e clareza, iluminando seu caminho e permitindo que voc\u00ea reconhe\u00e7a oportunidades que pode ter ignorado antes em sua Jornada.<\/p>\n\n\n\n<p>Al\u00e9m disso, a natureza introspectiva dessa energia incita os indiv\u00edduos a se envolverem em um exame profundo de suas motiva\u00e7\u00f5es.<\/p>\n\n\n\n<p>Ela incentiva uma an\u00e1lise cr\u00edtica para saber se suas a\u00e7\u00f5es e escolhas de vida atuais refletem seu verdadeiro eu. Esse processo pode levar a insights profundos, permitindo que voc\u00ea realinhe sua vida com sua verdadeira verdade interior.<\/p>\n\n\n\n<p>Em \u00faltima an\u00e1lise, as energias presentes durante esses momentos da sua Ascens\u00e3o foram amplificadas em seu poder para estes tempos transformadores. Elas agem como um catalisador para a mudan\u00e7a, incitando voc\u00ea a sair da sua zona de conforto e abra\u00e7ar a Aventura.<\/p>\n\n\n\n<p>Essa mudan\u00e7a pode levar a um desenvolvimento pessoal significativo, \u00e0 medida que voc\u00ea come\u00e7a a explorar seus pontos fortes e capacidades inatos.<\/p>\n\n\n\n<p>Ao canalizar essa energia para a\u00e7\u00f5es propositais, voc\u00ea pode desbloquear novos n\u00edveis de realiza\u00e7\u00e3o e realiza\u00e7\u00e3o que antes estavam obscurecidos pela sua procrastina\u00e7\u00e3o e inseguran\u00e7a.<\/p>\n\n\n\n<p>Essas Energias amplificadas e poderosas est\u00e3o motivando e encorajando voc\u00ea a criar um terreno f\u00e9rtil para sua Ascens\u00e3o e transforma\u00e7\u00e3o.<\/p>\n\n\n\n<p>Elas o convidam a se envolver em profunda introspec\u00e7\u00e3o, garantindo que seus pensamentos, palavras e a\u00e7\u00f5es ressoem com seu verdadeiro eu e valores.<\/p>\n\n\n\n<p>Ao abra\u00e7ar essa energia poderosa, voc\u00ea se sente fortalecido para dar passos ousados em dire\u00e7\u00e3o \u00e0 realiza\u00e7\u00e3o do seu potencial e a viver uma vida autenticamente alinhada com o prop\u00f3sito da sua alma.<\/p>\n\n\n\n<p>Com Amor eterno e profundo respeito. N\u00f3s Testemunhamos voc\u00ea, N\u00f3s Celebramos voc\u00ea e N\u00f3s Honramos voc\u00ea. No Amor e na Luz do nosso Criador Infinito.<\/p>\n\n\n\n<p>~ Somos O Conselho Intergal\u00e1ctico de Andr\u00f4meda, aqui para servir ao Divino.<\/p>\n\n\n\n<p>Formata\u00e7\u00e3o e tradu\u00e7\u00e3o \u2013 Blog De Cora\u00e7\u00e3o a Cora\u00e7\u00e3o<\/p>\n\n\n\n<figure class=\"wp-block-embed\"><div class=\"wp-block-embed__wrapper\">\nhttp:\/\/www.decoracaoacoracao.blog.br\/\n<\/div><\/figure>\n\n\n\n<figure class=\"wp-block-embed\"><div class=\"wp-block-embed__wrapper\">\nhttp:\/\/stelalecocq.blogspot.com\n<\/div><\/figure>\n\n\n\n<figure class=\"wp-block-embed\"><div class=\"wp-block-embed__wrapper\">\nhttps:\/\/lecocq.wordpress.com\n<\/div><\/figure>\n\n\n\n<p>Instagram \u2013 @blogdecoracaoacoracao<\/p>\n\n\n\n<p>Informa\u00e7\u00f5es e Agendamentos para Mesa Qu\u00e2ntica Estelar, Mesa Pet, Mesa Qu\u00e2ntica 2.0, Florais de Bach, Sistema Regenerador Ashtariano, Sistema Arcturiano de Cura Multidimensional \u2013 lecocqmuller@gmail.com<\/p>\n\n\n\n<p>E-book \u201cMensagens dos Mestres \u2013 De Cora\u00e7\u00e3o a Cora\u00e7\u00e3o\u201d \u2013 https:\/\/mensagensdosmestres.blogspot.com\/<\/p>\n\n\n\n<p>UniversalLighthouse.com<\/p>\n\n\n\n<p>Respeite todos os cr\u00e9ditos ao compartilhar<\/p>\n\n\n\n<p>LUZ!<\/p>\n\n\n\n<p>STELA<\/p>\n","protected":false},"excerpt":{"rendered":"<p>O Conselho Intergal\u00e1ctico de Andr\u00f4medaAtrav\u00e9s de Chellea Wilder VOC\u00ca EST\u00c1 EXPERIMENTANDO PICOS DE ENERGIA 10 de agosto de 2025 Sauda\u00e7\u00f5es na Luz e no Amor do nosso Criador Infinito. Aproveitamos os momentos que compartilhamos com todos voc\u00eas. Obrigado por esta Transmiss\u00e3o. Nestes preciosos momentos, N\u00f3s, o Conselho Intergal\u00e1ctico de Andr\u00f4meda e muitos outros de suas [&hellip;]<\/p>\n","protected":false},"author":1,"featured_media":0,"comment_status":"open","ping_status":"open","sticky":false,"template":"","format":"standard","meta":{"_mi_skip_tracking":false},"categories":[3],"tags":[],"_links":{"self":[{"href":"https:\/\/www.miguelfaccio.com.br\/blog\/index.php\/wp-json\/wp\/v2\/posts\/19788"}],"collection":[{"href":"https:\/\/www.miguelfaccio.com.br\/blog\/index.php\/wp-json\/wp\/v2\/posts"}],"about":[{"href":"https:\/\/www.miguelfaccio.com.br\/blog\/index.php\/wp-json\/wp\/v2\/types\/post"}],"author":[{"embeddable":true,"href":"https:\/\/www.miguelfaccio.com.br\/blog\/index.php\/wp-json\/wp\/v2\/users\/1"}],"replies":[{"embeddable":true,"href":"https:\/\/www.miguelfaccio.com.br\/blog\/index.php\/wp-json\/wp\/v2\/comments?post=19788"}],"version-history":[{"count":1,"href":"https:\/\/www.miguelfaccio.com.br\/blog\/index.php\/wp-json\/wp\/v2\/posts\/19788\/revisions"}],"predecessor-version":[{"id":19789,"href":"https:\/\/www.miguelfaccio.com.br\/blog\/index.php\/wp-json\/wp\/v2\/posts\/19788\/revisions\/19789"}],"wp:attachment":[{"href":"https:\/\/www.miguelfaccio.com.br\/blog\/index.php\/wp-json\/wp\/v2\/media?parent=19788"}],"wp:term":[{"taxonomy":"category","embeddable":true,"href":"https:\/\/www.miguelfaccio.com.br\/blog\/index.php\/wp-json\/wp\/v2\/categories?post=19788"},{"taxonomy":"post_tag","embeddable":true,"href":"https:\/\/www.miguelfaccio.com.br\/blog\/index.php\/wp-json\/wp\/v2\/tags?post=19788"}],"curies":[{"name":"wp","href":"https:\/\/api.w.org\/{rel}","templated":true}]}}