{"id":19786,"date":"2025-08-20T08:39:51","date_gmt":"2025-08-20T11:39:51","guid":{"rendered":"https:\/\/www.miguelfaccio.com.br\/blog\/?p=19786"},"modified":"2025-08-20T08:39:54","modified_gmt":"2025-08-20T11:39:54","slug":"plv4195-livro-28-diario-13-03-2023","status":"publish","type":"post","link":"https:\/\/www.miguelfaccio.com.br\/blog\/index.php\/plv4195-livro-28-diario-13-03-2023\/","title":{"rendered":"PLV4195 \u2013 Livro 28 \u2013 Di\u00e1rio, 13\/03\/2023"},"content":{"rendered":"\n<p class=\"has-text-align-right\"><strong>13\/03\/2023<\/strong><\/p>\n\n\n\n<p>Toda a evolu\u00e7\u00e3o se baseia no querer. Querer evoluir aplicando sempre a escolha e a op\u00e7\u00e3o, isso d\u00e1 a condi\u00e7\u00e3o evolutiva para o esp\u00edrito ora vivendo em um corpo f\u00edsico. Apesar de que o corpo f\u00edsico ser a melhor op\u00e7\u00e3o para experiencia\u00e7\u00e3o dos conhecimentos, sempre tem a pr\u00e9-condi\u00e7\u00e3o de afixar-se \u00e0 mat\u00e9ria e com isso n\u00e3o ouvir mais as instru\u00e7\u00f5es de seu esp\u00edrito, como tamb\u00e9m, a qualquer momento se conscientizar de seu caminho errado e come\u00e7ar novamente uma conex\u00e3o melhor com seu esp\u00edrito, que ent\u00e3o ter\u00e3o a oportunidade de elevarem-se mais depressa \u00e0 mestria. A \u00fanica coisa que o esp\u00edrito precisa aqui no planeta Terra, \u00e9 um corpo que o compreenda, que ouve suas intui\u00e7\u00f5es, tornando-se um excelente instrumento para o esp\u00edrito. Desta forma n\u00e3o levar\u00e1 muito tempo para serem unos, e essa uni\u00e3o, fatalmente ter\u00e1 o maior \u00eaxito de um esp\u00edrito aqui na mat\u00e9ria, possibilitando-lhes a ascens\u00e3o, isto \u00e9, a subida aos c\u00e9us levando o seu pr\u00f3prio corpo, para a eternidade, onde n\u00e3o ter\u00e3o mais as condi\u00e7\u00f5es sofr\u00edveis da mat\u00e9ria, mas mover-se-\u00e3o como um condor, apenas impulsionados pelo pensamento. A ascens\u00e3o deve ser o objetivo de todo esp\u00edrito que vem habitar um corpo num planeta em terceira dimens\u00e3o.<\/p>\n","protected":false},"excerpt":{"rendered":"<p>13\/03\/2023 Toda a evolu\u00e7\u00e3o se baseia no querer. Querer evoluir aplicando sempre a escolha e a op\u00e7\u00e3o, isso d\u00e1 a condi\u00e7\u00e3o evolutiva para o esp\u00edrito ora vivendo em um corpo f\u00edsico. Apesar de que o corpo f\u00edsico ser a melhor op\u00e7\u00e3o para experiencia\u00e7\u00e3o dos conhecimentos, sempre tem a pr\u00e9-condi\u00e7\u00e3o de afixar-se \u00e0 mat\u00e9ria e com [&hellip;]<\/p>\n","protected":false},"author":1,"featured_media":0,"comment_status":"open","ping_status":"open","sticky":false,"template":"","format":"standard","meta":{"_mi_skip_tracking":false},"categories":[34],"tags":[],"_links":{"self":[{"href":"https:\/\/www.miguelfaccio.com.br\/blog\/index.php\/wp-json\/wp\/v2\/posts\/19786"}],"collection":[{"href":"https:\/\/www.miguelfaccio.com.br\/blog\/index.php\/wp-json\/wp\/v2\/posts"}],"about":[{"href":"https:\/\/www.miguelfaccio.com.br\/blog\/index.php\/wp-json\/wp\/v2\/types\/post"}],"author":[{"embeddable":true,"href":"https:\/\/www.miguelfaccio.com.br\/blog\/index.php\/wp-json\/wp\/v2\/users\/1"}],"replies":[{"embeddable":true,"href":"https:\/\/www.miguelfaccio.com.br\/blog\/index.php\/wp-json\/wp\/v2\/comments?post=19786"}],"version-history":[{"count":1,"href":"https:\/\/www.miguelfaccio.com.br\/blog\/index.php\/wp-json\/wp\/v2\/posts\/19786\/revisions"}],"predecessor-version":[{"id":19787,"href":"https:\/\/www.miguelfaccio.com.br\/blog\/index.php\/wp-json\/wp\/v2\/posts\/19786\/revisions\/19787"}],"wp:attachment":[{"href":"https:\/\/www.miguelfaccio.com.br\/blog\/index.php\/wp-json\/wp\/v2\/media?parent=19786"}],"wp:term":[{"taxonomy":"category","embeddable":true,"href":"https:\/\/www.miguelfaccio.com.br\/blog\/index.php\/wp-json\/wp\/v2\/categories?post=19786"},{"taxonomy":"post_tag","embeddable":true,"href":"https:\/\/www.miguelfaccio.com.br\/blog\/index.php\/wp-json\/wp\/v2\/tags?post=19786"}],"curies":[{"name":"wp","href":"https:\/\/api.w.org\/{rel}","templated":true}]}}