{"id":19782,"date":"2025-08-19T08:47:58","date_gmt":"2025-08-19T11:47:58","guid":{"rendered":"https:\/\/www.miguelfaccio.com.br\/blog\/?p=19782"},"modified":"2025-08-19T08:48:00","modified_gmt":"2025-08-19T11:48:00","slug":"plv4194-livro-28-diario-12-03-2023","status":"publish","type":"post","link":"https:\/\/www.miguelfaccio.com.br\/blog\/index.php\/plv4194-livro-28-diario-12-03-2023\/","title":{"rendered":"PLV4194 \u2013 Livro 28 \u2013 Di\u00e1rio, 12\/03\/2023"},"content":{"rendered":"\n<p class=\"has-text-align-right\"><strong>12\/03\/2023<\/strong><\/p>\n\n\n\n<p>Estamos todos a caminho, uns rapidamente, outros um pouco mais lerdos, parecem estar tateando sinais dos que j\u00e1 se foram adiante e deixaram apenas o exemplo de sua dedica\u00e7\u00e3o e a quem lhe d\u00e1 a vida e a exist\u00eancia, a cuja dedica\u00e7\u00e3o deram sua vida e assim angariaram um tesouro no c\u00e9u, como diz Jesus. Alguns, n\u00e3o andaram, mas voaram para o objetivo de suas cria\u00e7\u00f5es. A mat\u00e9ria apenas servia para morada de um esp\u00edrito. O corpo j\u00e1 n\u00e3o lhes era mais o empecilho, mas sim um instrumento que o levava para onde precisasse ir, usando apenas o poder de seu pensamento, que em \u00faltima an\u00e1lise \u00e9 o esp\u00edrito que emite o pensamento. N\u00e3o nos acostumamos ainda com nossa dualidade. O eu corpo e o eu esp\u00edrito s\u00e3o a mesma pessoa. Se voc\u00ea der uma martelada num dedo, voc\u00ea n\u00e3o fere s\u00f3 o corpo, fere o esp\u00edrito tamb\u00e9m. Precisamos levar nosso pensamento acima das coisas da terra e, tentar fic\u00e1-lo no limite do c\u00e9u. N\u00f3s n\u00e3o somos o p\u00f3 da terra, o corpo est\u00e1 certo, veio dela, mas nossa ess\u00eancia \u00e9 do universo. Precisamos entender esse intrincado conhecimento. Tudo tem dois princ\u00edpios, o criar e o ressarcir. A partir do pensamento, tudo se cria, e este criar pode levar \u00e0 evolu\u00e7\u00e3o ou ao resgate. Isso com rela\u00e7\u00e3o \u00e0 terceira dimens\u00e3o, porque a partir da quinta, o pensamento j\u00e1 \u00e9 purificado com a energia\/evolu\u00e7\u00e3o que o esp\u00edrito alcan\u00e7ou. Bem ou mal, estamos no caminho, mas n\u00e3o podemos tirar a mente de nosso objetivo de cria\u00e7\u00e3o.<\/p>\n","protected":false},"excerpt":{"rendered":"<p>12\/03\/2023 Estamos todos a caminho, uns rapidamente, outros um pouco mais lerdos, parecem estar tateando sinais dos que j\u00e1 se foram adiante e deixaram apenas o exemplo de sua dedica\u00e7\u00e3o e a quem lhe d\u00e1 a vida e a exist\u00eancia, a cuja dedica\u00e7\u00e3o deram sua vida e assim angariaram um tesouro no c\u00e9u, como diz [&hellip;]<\/p>\n","protected":false},"author":1,"featured_media":0,"comment_status":"open","ping_status":"open","sticky":false,"template":"","format":"standard","meta":{"_mi_skip_tracking":false},"categories":[34],"tags":[],"_links":{"self":[{"href":"https:\/\/www.miguelfaccio.com.br\/blog\/index.php\/wp-json\/wp\/v2\/posts\/19782"}],"collection":[{"href":"https:\/\/www.miguelfaccio.com.br\/blog\/index.php\/wp-json\/wp\/v2\/posts"}],"about":[{"href":"https:\/\/www.miguelfaccio.com.br\/blog\/index.php\/wp-json\/wp\/v2\/types\/post"}],"author":[{"embeddable":true,"href":"https:\/\/www.miguelfaccio.com.br\/blog\/index.php\/wp-json\/wp\/v2\/users\/1"}],"replies":[{"embeddable":true,"href":"https:\/\/www.miguelfaccio.com.br\/blog\/index.php\/wp-json\/wp\/v2\/comments?post=19782"}],"version-history":[{"count":1,"href":"https:\/\/www.miguelfaccio.com.br\/blog\/index.php\/wp-json\/wp\/v2\/posts\/19782\/revisions"}],"predecessor-version":[{"id":19783,"href":"https:\/\/www.miguelfaccio.com.br\/blog\/index.php\/wp-json\/wp\/v2\/posts\/19782\/revisions\/19783"}],"wp:attachment":[{"href":"https:\/\/www.miguelfaccio.com.br\/blog\/index.php\/wp-json\/wp\/v2\/media?parent=19782"}],"wp:term":[{"taxonomy":"category","embeddable":true,"href":"https:\/\/www.miguelfaccio.com.br\/blog\/index.php\/wp-json\/wp\/v2\/categories?post=19782"},{"taxonomy":"post_tag","embeddable":true,"href":"https:\/\/www.miguelfaccio.com.br\/blog\/index.php\/wp-json\/wp\/v2\/tags?post=19782"}],"curies":[{"name":"wp","href":"https:\/\/api.w.org\/{rel}","templated":true}]}}