{"id":19778,"date":"2025-08-18T10:25:57","date_gmt":"2025-08-18T13:25:57","guid":{"rendered":"https:\/\/www.miguelfaccio.com.br\/blog\/?p=19778"},"modified":"2025-08-18T10:26:00","modified_gmt":"2025-08-18T13:26:00","slug":"plv4193-livro-28-diario-11-03-2023","status":"publish","type":"post","link":"https:\/\/www.miguelfaccio.com.br\/blog\/index.php\/plv4193-livro-28-diario-11-03-2023\/","title":{"rendered":"PLV4193 \u2013 Livro 28 \u2013 Di\u00e1rio, 11\/03\/2023"},"content":{"rendered":"\n<p class=\"has-text-align-right\"><strong>11\/03\/2023<\/strong><\/p>\n\n\n\n<p>Desde nossa cria\u00e7\u00e3o como individualidades conscientes, o caminho est\u00e1 \u00e0 nossa frente para ser trilhado. L\u00e1, no outro extremo, est\u00e1 o objetivo que fora tra\u00e7ado para cada individualidade, que precisa a qualquer custo chegar l\u00e1. Este objetivo que fora explicitado por Jesus diz: \u201c<em>Sede perfeitos como perfeito nosso Pai que est\u00e1 no c\u00e9u<\/em>\u201d. \u00c9 isso que precisamos buscar, \u00e9 isso que precisamos fazer. A forma como cada um alcan\u00e7a, \u00e9 por conta e risco de si pr\u00f3prio. Esse objetivo est\u00e1 gravado tamb\u00e9m no DNA de cada ser e ele empurra o ser ao cumprimento, \u00e0 busca de todos os meios para chegar l\u00e1, apesar de que, nas tentativas anteriores, criamos pelo nosso pensamento, muitas pedras e espinhos que precisam ser retirados. Disse pedras e espinhos para simplificar o entendimento, mas na realidade, tudo que nosso pensamento engendrar, torna-se, para nos elevar espiritualmente, nos desenvolver ou para serem resgatados, aqueles que infringirem a grande lei. Tudo que o pensamento criar recair\u00e1 sobre o pr\u00f3prio esp\u00edrito que ter\u00e1 que, num futuro pr\u00f3ximo ou mais distante resgatar. Ningu\u00e9m escapa disso. \u00c9 lei da vida, estabelecida por Deus para reger o universo. O universo precisa de leis que o dirija pela eternidade. Se cada ser fizer o que bem entende, o universo seria uma casa da m\u00e3e Joana, como ainda acontece em muitos pa\u00edses deste planeta. Para remir esses descalabros que ainda vicejam, cada individualidade ou coletividade ter\u00e1 que resgatar o que fez.<\/p>\n","protected":false},"excerpt":{"rendered":"<p>11\/03\/2023 Desde nossa cria\u00e7\u00e3o como individualidades conscientes, o caminho est\u00e1 \u00e0 nossa frente para ser trilhado. L\u00e1, no outro extremo, est\u00e1 o objetivo que fora tra\u00e7ado para cada individualidade, que precisa a qualquer custo chegar l\u00e1. Este objetivo que fora explicitado por Jesus diz: \u201cSede perfeitos como perfeito nosso Pai que est\u00e1 no c\u00e9u\u201d. \u00c9 [&hellip;]<\/p>\n","protected":false},"author":1,"featured_media":0,"comment_status":"open","ping_status":"open","sticky":false,"template":"","format":"standard","meta":{"_mi_skip_tracking":false},"categories":[34],"tags":[],"_links":{"self":[{"href":"https:\/\/www.miguelfaccio.com.br\/blog\/index.php\/wp-json\/wp\/v2\/posts\/19778"}],"collection":[{"href":"https:\/\/www.miguelfaccio.com.br\/blog\/index.php\/wp-json\/wp\/v2\/posts"}],"about":[{"href":"https:\/\/www.miguelfaccio.com.br\/blog\/index.php\/wp-json\/wp\/v2\/types\/post"}],"author":[{"embeddable":true,"href":"https:\/\/www.miguelfaccio.com.br\/blog\/index.php\/wp-json\/wp\/v2\/users\/1"}],"replies":[{"embeddable":true,"href":"https:\/\/www.miguelfaccio.com.br\/blog\/index.php\/wp-json\/wp\/v2\/comments?post=19778"}],"version-history":[{"count":1,"href":"https:\/\/www.miguelfaccio.com.br\/blog\/index.php\/wp-json\/wp\/v2\/posts\/19778\/revisions"}],"predecessor-version":[{"id":19779,"href":"https:\/\/www.miguelfaccio.com.br\/blog\/index.php\/wp-json\/wp\/v2\/posts\/19778\/revisions\/19779"}],"wp:attachment":[{"href":"https:\/\/www.miguelfaccio.com.br\/blog\/index.php\/wp-json\/wp\/v2\/media?parent=19778"}],"wp:term":[{"taxonomy":"category","embeddable":true,"href":"https:\/\/www.miguelfaccio.com.br\/blog\/index.php\/wp-json\/wp\/v2\/categories?post=19778"},{"taxonomy":"post_tag","embeddable":true,"href":"https:\/\/www.miguelfaccio.com.br\/blog\/index.php\/wp-json\/wp\/v2\/tags?post=19778"}],"curies":[{"name":"wp","href":"https:\/\/api.w.org\/{rel}","templated":true}]}}