{"id":19776,"date":"2025-08-17T08:58:49","date_gmt":"2025-08-17T11:58:49","guid":{"rendered":"https:\/\/www.miguelfaccio.com.br\/blog\/?p=19776"},"modified":"2025-08-17T08:58:52","modified_gmt":"2025-08-17T11:58:52","slug":"rcd4137-raios-ou-chamas","status":"publish","type":"post","link":"https:\/\/www.miguelfaccio.com.br\/blog\/index.php\/rcd4137-raios-ou-chamas\/","title":{"rendered":"RCD4137 Raios ou Chamas"},"content":{"rendered":"\n<p class=\"has-text-align-right\"><strong>Mensagem de Jeshua <br>Canalizada por Pamela Kribbe<\/strong><\/p>\n\n\n\n<p>A CRISE DO SER HUMANO<\/p>\n\n\n\n<p>continua\u00e7\u00e3o<\/p>\n\n\n\n<p>Se voc\u00ea realmente sente o que h\u00e1 nessa luz, isto provavelmente significa que voc\u00ea pode confiar, que voc\u00ea pode desapegar-se, que voc\u00ea pode seguir o fluxo de amor e suavidade que deseja fluir para a Terra e, certamente, atrav\u00e9s do seu cora\u00e7\u00e3o.<\/p>\n\n\n\n<p>No geral, a Terra, ou melhor, a humanidade, est\u00e1 em um estado de consci\u00eancia que foi afastado da alma, para longe dos ritmos e leis da alma.<\/p>\n\n\n\n<p>Voc\u00eas fazem muitas coisas e pensam bastante e, assim, em muitos de voc\u00eas, o plexo solar, o terceiro chacra, est\u00e1 sobrecarregado com coisas demais para fazer.<\/p>\n\n\n\n<p>O que importa \u00e9 a conex\u00e3o entre o cora\u00e7\u00e3o e o plexo solar; na verdade, entre o interior e o exterior, entre o conhecimento interno e a manifesta\u00e7\u00e3o externa.<\/p>\n\n\n\n<p>Quanto mais voc\u00ea se atrever a se render \u00e0 energia do seu cora\u00e7\u00e3o \u2013 mesmo que aconte\u00e7am coisas inimagin\u00e1veis, que voc\u00ea n\u00e3o consiga compreender com sua mente \u2013 mais voc\u00ea acabar\u00e1 entrando numa corrente que o afeta magicamente, porque, ent\u00e3o, voc\u00ea atrair\u00e1, sem esfor\u00e7o, o que \u00e9 necess\u00e1rio e apropriado na sua vida nesse momento.<\/p>\n\n\n\n<p>A magia est\u00e1 na sua confian\u00e7a para realmente ousar render-se a esse fluxo superior que \u00e9 real, tang\u00edvel, e muito realista. Para ilustrar, gostaria que voc\u00ea pensasse em algo ou algu\u00e9m com o qual voc\u00ea esteja lutando, ou tendo um problema.<\/p>\n\n\n\n<p>Por exemplo, voc\u00ea pode pensar em uma determinada pessoa que o faz sentir energeticamente que h\u00e1 muita coisa a acontecer entre voc\u00eas. Ou pode ser uma situa\u00e7\u00e3o no seu trabalho, ou na sua vida particular\u2026 algo que o deixa preocupado, no qual voc\u00ea pensa com frequ\u00eancia.<\/p>\n\n\n\n<p>Imagine que voc\u00ea v\u00ea esse problema, essa situa\u00e7\u00e3o, ou essa pessoa, \u00e0 sua frente, mas agora como um pacote de energia. Olhe para a energia dessa pessoa ou situa\u00e7\u00e3o e perceba os sentimentos que ela desperta em voc\u00ea.<\/p>\n\n\n\n<p>Qual \u00e9 o sentimento predominante em voc\u00ea? Ent\u00e3o, observe se esse sentimento est\u00e1 de acordo com a realidade, e fa\u00e7a isto consultando a sua alma, voltando sua aten\u00e7\u00e3o para o seu cora\u00e7\u00e3o e centrando-se nele, enquanto se acalma.<\/p>\n\n\n\n<p>Ao fazer isto, voc\u00ea est\u00e1 dando um passo para tr\u00e1s, por assim dizer, olhando para esse problema e para a energia que afeta voc\u00ea, a partir de uma dist\u00e2ncia maior \u2013 e assim enxergando a solu\u00e7\u00e3o para voc\u00ea.<\/p>\n\n\n\n<p>Qual \u00e9 a melhor atitude para voc\u00ea, aquela que torna a energia mais livre e acess\u00edvel? N\u00e3o pense sobre como a outra pessoa pode melhorar ou como a situa\u00e7\u00e3o externa a voc\u00ea pode melhorar. N\u00e3o!<\/p>\n\n\n\n<p>Concentre-se em si mesmo e no que voc\u00ea pode fazer para elevar toda a situa\u00e7\u00e3o, com a troca de energia, para torn\u00e1-la mais livre, de modo que tudo flua mais suavemente. Invoque a sua alma e sinta o quanto voc\u00ea \u00e9 poderoso!<\/p>\n\n\n\n<p>Quando voc\u00ea est\u00e1 ancorado na consci\u00eancia superior dentro de si mesmo, voc\u00ea n\u00e3o depende mais do mundo exterior, de todas suas regras e leis, e das pessoas ao seu redor.<\/p>\n\n\n\n<p>Voc\u00ea est\u00e1 ancorado em outra corrente, uma corrente universal que, em \u00faltima inst\u00e2ncia, \u00e9 muito mais poderosa do que todas as leis sociais, materiais da Terra.<\/p>\n\n\n\n<p>Seja a sua pr\u00f3pria Luz!<\/p>\n\n\n\n<p>Eu sa\u00fado todos voc\u00eas do fundo do meu cora\u00e7\u00e3o.<\/p>\n\n\n\n<p>Eu estou conectado com este mundo.<\/p>\n\n\n\n<p>Eu estou conectado com voc\u00eas.<\/p>\n\n\n\n<p>Eu sou um com voc\u00eas.<\/p>\n\n\n\n<p>~ Jeshua<\/p>\n\n\n\n<p>Formata\u00e7\u00e3o \u2013 Blog De Cora\u00e7\u00e3o a Cora\u00e7\u00e3o<\/p>\n\n\n\n<figure class=\"wp-block-embed\"><div class=\"wp-block-embed__wrapper\">\nhttp:\/\/www.decoracaoacoracao.blog.br\/\n<\/div><\/figure>\n\n\n\n<p>Instagram \u2013 @blogdecoracaoacoracao<\/p>\n\n\n\n<p>Informa\u00e7\u00f5es e Agendamentos para Mesa Qu\u00e2ntica Estelar, Mesa Pet, Mesa Qu\u00e2ntica 2.0, Florais de Bach, Sistema Regenerador Ashtariano, Sistema Arcturiano de Cura Multidimensional \u2013 lecocqmuller@gmail.com<\/p>\n\n\n\n<p>E-book \u201cMensagens dos Mestres \u2013 De Cora\u00e7\u00e3o a Cora\u00e7\u00e3o\u201d \u2013 https:\/\/mensagensdosmestres.blogspot.com\/<\/p>\n\n\n\n<p>\u00a9 Pamela Kribbe http:\/\/www.jeshua.net<\/p>\n\n\n\n<figure class=\"wp-block-embed is-type-wp-embed is-provider-the-jeshua-channelings wp-block-embed-the-jeshua-channelings\"><div class=\"wp-block-embed__wrapper\">\n<blockquote class=\"wp-embedded-content\" data-secret=\"XNJt6i2kvM\"><a href=\"https:\/\/www.jeshua.net\/channelings\/mornings-with-jeshua\/crisis-in-being-human\/\">Crisis in Being Human<\/a><\/blockquote><iframe class=\"wp-embedded-content\" sandbox=\"allow-scripts\" security=\"restricted\" style=\"position: absolute; clip: rect(1px, 1px, 1px, 1px);\" title=\"&#8220;Crisis in Being Human&#8221; &#8212; The Jeshua Channelings\" src=\"https:\/\/www.jeshua.net\/channelings\/mornings-with-jeshua\/crisis-in-being-human\/embed\/#?secret=BdLsxXMvHg#?secret=XNJt6i2kvM\" data-secret=\"XNJt6i2kvM\" width=\"600\" height=\"338\" frameborder=\"0\" marginwidth=\"0\" marginheight=\"0\" scrolling=\"no\"><\/iframe>\n<\/div><\/figure>\n\n\n\n<p>Tradu\u00e7\u00e3o de Vera Corr\u00eaa veracorrea46@gmail.com<\/p>\n\n\n\n<p>Respeite todos os cr\u00e9ditos ao compartilhar<\/p>\n\n\n\n<p>LUZ!<\/p>\n\n\n\n<p>STELA<\/p>\n","protected":false},"excerpt":{"rendered":"<p>Mensagem de Jeshua Canalizada por Pamela Kribbe A CRISE DO SER HUMANO continua\u00e7\u00e3o Se voc\u00ea realmente sente o que h\u00e1 nessa luz, isto provavelmente significa que voc\u00ea pode confiar, que voc\u00ea pode desapegar-se, que voc\u00ea pode seguir o fluxo de amor e suavidade que deseja fluir para a Terra e, certamente, atrav\u00e9s do seu cora\u00e7\u00e3o. [&hellip;]<\/p>\n","protected":false},"author":1,"featured_media":0,"comment_status":"open","ping_status":"open","sticky":false,"template":"","format":"standard","meta":{"_mi_skip_tracking":false},"categories":[3],"tags":[],"_links":{"self":[{"href":"https:\/\/www.miguelfaccio.com.br\/blog\/index.php\/wp-json\/wp\/v2\/posts\/19776"}],"collection":[{"href":"https:\/\/www.miguelfaccio.com.br\/blog\/index.php\/wp-json\/wp\/v2\/posts"}],"about":[{"href":"https:\/\/www.miguelfaccio.com.br\/blog\/index.php\/wp-json\/wp\/v2\/types\/post"}],"author":[{"embeddable":true,"href":"https:\/\/www.miguelfaccio.com.br\/blog\/index.php\/wp-json\/wp\/v2\/users\/1"}],"replies":[{"embeddable":true,"href":"https:\/\/www.miguelfaccio.com.br\/blog\/index.php\/wp-json\/wp\/v2\/comments?post=19776"}],"version-history":[{"count":1,"href":"https:\/\/www.miguelfaccio.com.br\/blog\/index.php\/wp-json\/wp\/v2\/posts\/19776\/revisions"}],"predecessor-version":[{"id":19777,"href":"https:\/\/www.miguelfaccio.com.br\/blog\/index.php\/wp-json\/wp\/v2\/posts\/19776\/revisions\/19777"}],"wp:attachment":[{"href":"https:\/\/www.miguelfaccio.com.br\/blog\/index.php\/wp-json\/wp\/v2\/media?parent=19776"}],"wp:term":[{"taxonomy":"category","embeddable":true,"href":"https:\/\/www.miguelfaccio.com.br\/blog\/index.php\/wp-json\/wp\/v2\/categories?post=19776"},{"taxonomy":"post_tag","embeddable":true,"href":"https:\/\/www.miguelfaccio.com.br\/blog\/index.php\/wp-json\/wp\/v2\/tags?post=19776"}],"curies":[{"name":"wp","href":"https:\/\/api.w.org\/{rel}","templated":true}]}}