{"id":19774,"date":"2025-08-17T08:55:52","date_gmt":"2025-08-17T11:55:52","guid":{"rendered":"https:\/\/www.miguelfaccio.com.br\/blog\/?p=19774"},"modified":"2025-08-17T08:55:54","modified_gmt":"2025-08-17T11:55:54","slug":"plv4192-livro-28-diario-10-03-2023","status":"publish","type":"post","link":"https:\/\/www.miguelfaccio.com.br\/blog\/index.php\/plv4192-livro-28-diario-10-03-2023\/","title":{"rendered":"PLV4192 \u2013 Livro 28 \u2013 Di\u00e1rio, 10\/03\/2023"},"content":{"rendered":"\n<p class=\"has-text-align-right\"><strong>10\/03\/2023<\/strong><\/p>\n\n\n\n<p>Ao menos a civiliza\u00e7\u00e3o ocidental e, especialmente a juventude est\u00e1 se tornando, quem j\u00e1 n\u00e3o est\u00e1, escravos da telinha de um celular. Os de mais idade, tem suas atividades laborais, mas fora dela, parece tamb\u00e9m tornarem-se escravos desta internet que, muito pouco traz assuntos que engrande\u00e7am a humanidade, o ser humano. Os falseadores da realidade se aproveitam para destilar seu veneno sobre essas mentes desprovidas de par\u00e2metros para an\u00e1lise da veracidade. Engolem faceiros irracionalidades sem par, que, sem escr\u00fapulo algum, lan\u00e7am na internet, \u00e9 claro, para captar a aten\u00e7\u00e3o destes, cujo pensamento est\u00e1 travado, sem capacidade racional de analisar qualquer coisa e aceitam como realidade as mentiras que s\u00e3o ventiladas aos quatro cantos deste planeta. Esta gera\u00e7\u00e3o parece estar voltando \u00e0 civiliza\u00e7\u00e3o Romana, que s\u00f3 queria \u201cpanem et circenses\u201d, (p\u00e3o e circo). Agora s\u00f3 quer em p\u00e3o e celular. E isso pesou a tal ponto que se elegeu nas elei\u00e7\u00f5es de 2022 o presidente que na campanha, dava \u201cpicanha e cerveja\u201d. Apenas para demonstrar o poder que tem um celular na mente de pessoas desprovidas de par\u00e2metros e mentes incapazes de sopesar as coisas que surgem \u00e0 sua frente. Muitos ainda t\u00eam-se como possuidores da verdade, do conhecimento e da raz\u00e3o.<\/p>\n","protected":false},"excerpt":{"rendered":"<p>10\/03\/2023 Ao menos a civiliza\u00e7\u00e3o ocidental e, especialmente a juventude est\u00e1 se tornando, quem j\u00e1 n\u00e3o est\u00e1, escravos da telinha de um celular. Os de mais idade, tem suas atividades laborais, mas fora dela, parece tamb\u00e9m tornarem-se escravos desta internet que, muito pouco traz assuntos que engrande\u00e7am a humanidade, o ser humano. Os falseadores da [&hellip;]<\/p>\n","protected":false},"author":1,"featured_media":0,"comment_status":"open","ping_status":"open","sticky":false,"template":"","format":"standard","meta":{"_mi_skip_tracking":false},"categories":[34],"tags":[],"_links":{"self":[{"href":"https:\/\/www.miguelfaccio.com.br\/blog\/index.php\/wp-json\/wp\/v2\/posts\/19774"}],"collection":[{"href":"https:\/\/www.miguelfaccio.com.br\/blog\/index.php\/wp-json\/wp\/v2\/posts"}],"about":[{"href":"https:\/\/www.miguelfaccio.com.br\/blog\/index.php\/wp-json\/wp\/v2\/types\/post"}],"author":[{"embeddable":true,"href":"https:\/\/www.miguelfaccio.com.br\/blog\/index.php\/wp-json\/wp\/v2\/users\/1"}],"replies":[{"embeddable":true,"href":"https:\/\/www.miguelfaccio.com.br\/blog\/index.php\/wp-json\/wp\/v2\/comments?post=19774"}],"version-history":[{"count":1,"href":"https:\/\/www.miguelfaccio.com.br\/blog\/index.php\/wp-json\/wp\/v2\/posts\/19774\/revisions"}],"predecessor-version":[{"id":19775,"href":"https:\/\/www.miguelfaccio.com.br\/blog\/index.php\/wp-json\/wp\/v2\/posts\/19774\/revisions\/19775"}],"wp:attachment":[{"href":"https:\/\/www.miguelfaccio.com.br\/blog\/index.php\/wp-json\/wp\/v2\/media?parent=19774"}],"wp:term":[{"taxonomy":"category","embeddable":true,"href":"https:\/\/www.miguelfaccio.com.br\/blog\/index.php\/wp-json\/wp\/v2\/categories?post=19774"},{"taxonomy":"post_tag","embeddable":true,"href":"https:\/\/www.miguelfaccio.com.br\/blog\/index.php\/wp-json\/wp\/v2\/tags?post=19774"}],"curies":[{"name":"wp","href":"https:\/\/api.w.org\/{rel}","templated":true}]}}