{"id":19770,"date":"2025-08-16T10:04:09","date_gmt":"2025-08-16T13:04:09","guid":{"rendered":"https:\/\/www.miguelfaccio.com.br\/blog\/?p=19770"},"modified":"2025-08-16T10:04:24","modified_gmt":"2025-08-16T13:04:24","slug":"plv4191-livro-28-diario-09-03-2023","status":"publish","type":"post","link":"https:\/\/www.miguelfaccio.com.br\/blog\/index.php\/plv4191-livro-28-diario-09-03-2023\/","title":{"rendered":"PLV4191 \u2013 Livro 28 \u2013 Di\u00e1rio, 09\/03\/2023"},"content":{"rendered":"\n<p class=\"has-text-align-right\"><strong>09\/03\/2023<\/strong><\/p>\n\n\n\n<p>Estamos na alvorada de uma nova fase evolutiva. At\u00e9 agora lut\u00e1vamos contra n\u00f3s mesmos. Os pensamentos criando tudo e quanto \u00e9 negativo. Voltamos imensas vezes para corrigir essa m\u00e1quina criadora desgovernada e ela continuava a nos carregar de mais viola\u00e7\u00f5es das grandes leis. Est\u00e1 dif\u00edcil engrenar essa m\u00e1quina criadora no bom caminho. Estamos agora na alvorada, na imin\u00eancia de grandes transforma\u00e7\u00f5es que dever\u00e3o emparelhar nosso agir, nosso pensar e nossas cria\u00e7\u00f5es com a nova energia em que que a Terra est\u00e1 entrando. \u00c9 neste momento em que as palavras do Cristo se tornam realidade: \u201c<em>separar o joio do trigo<\/em>\u201d, confirmando outras palavras dele: \u201c<em>a semeadura \u00e9 livre, mas a colheita \u00e9 obrigat\u00f3ria<\/em>\u201d. N\u00e3o adianta espernear, cada um ir\u00e1 colher aquilo que plantou. Esta alvorada est\u00e1 abrindo os olhos e o entendimento, ao menos daqueles que buscam algo mais que a simples satisfa\u00e7\u00e3o material, que apenas enche os olhos, o ego e talvez o bolso, mas n\u00e3o preenche o cora\u00e7\u00e3o. O cora\u00e7\u00e3o que \u00e9 a sede, o trono de Deus em nosso ser. \u00c9 a partir do cora\u00e7\u00e3o que Deus vai preenchendo todo o nosso corpo de sua luz, o \u00fanico local em que ela pode ser bloqueada \u00e9 a cabe\u00e7a, porque as cria\u00e7\u00f5es dos pensamentos desordenados n\u00e3o lhe d\u00e3o lugar. \u00c9 preciso controlar os pensamentos que s\u00e3o quem nos iguala a Deus. Nos abrem os caminhos e as portas do c\u00e9u, mas tamb\u00e9m podem nos levar ao inferno.<\/p>\n","protected":false},"excerpt":{"rendered":"<p>09\/03\/2023 Estamos na alvorada de uma nova fase evolutiva. At\u00e9 agora lut\u00e1vamos contra n\u00f3s mesmos. Os pensamentos criando tudo e quanto \u00e9 negativo. Voltamos imensas vezes para corrigir essa m\u00e1quina criadora desgovernada e ela continuava a nos carregar de mais viola\u00e7\u00f5es das grandes leis. Est\u00e1 dif\u00edcil engrenar essa m\u00e1quina criadora no bom caminho. Estamos agora [&hellip;]<\/p>\n","protected":false},"author":1,"featured_media":0,"comment_status":"open","ping_status":"open","sticky":false,"template":"","format":"standard","meta":{"_mi_skip_tracking":false},"categories":[34],"tags":[],"_links":{"self":[{"href":"https:\/\/www.miguelfaccio.com.br\/blog\/index.php\/wp-json\/wp\/v2\/posts\/19770"}],"collection":[{"href":"https:\/\/www.miguelfaccio.com.br\/blog\/index.php\/wp-json\/wp\/v2\/posts"}],"about":[{"href":"https:\/\/www.miguelfaccio.com.br\/blog\/index.php\/wp-json\/wp\/v2\/types\/post"}],"author":[{"embeddable":true,"href":"https:\/\/www.miguelfaccio.com.br\/blog\/index.php\/wp-json\/wp\/v2\/users\/1"}],"replies":[{"embeddable":true,"href":"https:\/\/www.miguelfaccio.com.br\/blog\/index.php\/wp-json\/wp\/v2\/comments?post=19770"}],"version-history":[{"count":1,"href":"https:\/\/www.miguelfaccio.com.br\/blog\/index.php\/wp-json\/wp\/v2\/posts\/19770\/revisions"}],"predecessor-version":[{"id":19771,"href":"https:\/\/www.miguelfaccio.com.br\/blog\/index.php\/wp-json\/wp\/v2\/posts\/19770\/revisions\/19771"}],"wp:attachment":[{"href":"https:\/\/www.miguelfaccio.com.br\/blog\/index.php\/wp-json\/wp\/v2\/media?parent=19770"}],"wp:term":[{"taxonomy":"category","embeddable":true,"href":"https:\/\/www.miguelfaccio.com.br\/blog\/index.php\/wp-json\/wp\/v2\/categories?post=19770"},{"taxonomy":"post_tag","embeddable":true,"href":"https:\/\/www.miguelfaccio.com.br\/blog\/index.php\/wp-json\/wp\/v2\/tags?post=19770"}],"curies":[{"name":"wp","href":"https:\/\/api.w.org\/{rel}","templated":true}]}}