{"id":19767,"date":"2025-08-15T09:39:29","date_gmt":"2025-08-15T12:39:29","guid":{"rendered":"https:\/\/www.miguelfaccio.com.br\/blog\/?p=19767"},"modified":"2025-08-15T09:39:47","modified_gmt":"2025-08-15T12:39:47","slug":"rcd4135-raios-ou-chamas","status":"publish","type":"post","link":"https:\/\/www.miguelfaccio.com.br\/blog\/index.php\/rcd4135-raios-ou-chamas\/","title":{"rendered":"RCD4135 Raios ou Chamas"},"content":{"rendered":"\n<p class=\"has-text-align-right\"><strong>Mensagem de Jeshua <br>Canalizada por Pamela Kribbe<\/strong><\/p>\n\n\n\n<p>A CRISE DO SER HUMANO<\/p>\n\n\n\n<p>Queridos amigos, Eu Sou Jeshua, um irm\u00e3o e esp\u00edrito afim.<\/p>\n\n\n\n<p>Pe\u00e7o a cada um de voc\u00eas que acredite em quem voc\u00ea \u00e9 e naquilo que voc\u00ea traz para a Terra neste momento. Existe um fogo dentro de voc\u00ea \u2013 um chamado, uma inspira\u00e7\u00e3o. E esse chamado n\u00e3o vem de fora; esse fogo, essa inspira\u00e7\u00e3o, vem de dentro de voc\u00ea mesmo.<\/p>\n\n\n\n<p>Existe, ou pode existir, uma colabora\u00e7\u00e3o entre voc\u00ea, como personalidade terrena, e uma energia maior ou mais elevada que o sustenta, que o orienta em seu caminho.<\/p>\n\n\n\n<p>Muito \u00e9 poss\u00edvel se voc\u00ea confiar nessa energia superior, toda-abrangente, que, neste dia e era, deseja penetrar no pensamento coletivo da humanidade.<\/p>\n\n\n\n<p>O processo do pensamento coletivo encontra-se num beco sem sa\u00edda. Suas limita\u00e7\u00f5es est\u00e3o ficando cada vez mais vis\u00edveis e, em muitas \u00e1reas, existe uma crise.<\/p>\n\n\n\n<p>Ela \u00e9 aparente em desastres naturais, no clima, na pobreza, nas guerras e lutas pol\u00edticas; mas, por tr\u00e1s dessas crises, encontra-se a causa de tudo isto \u2013 a crise do ser humano.<\/p>\n\n\n\n<p>Quanto mais esta crise aumenta, e quanto mais a humanidade, coletivamente, se depara com obst\u00e1culos, mais, paradoxalmente, se abre espa\u00e7o para outras possibilidades.<\/p>\n\n\n\n<p>Existe uma energia universal amorosa presente dentro e ao redor do campo da Terra. Ela deseja fluir, mas esse fluxo n\u00e3o acontece de algum jeito m\u00e1gico, e sim no interior de cada pessoa e, especialmente, atrav\u00e9s do seu cora\u00e7\u00e3o.<\/p>\n\n\n\n<p>continua<\/p>\n","protected":false},"excerpt":{"rendered":"<p>Mensagem de Jeshua Canalizada por Pamela Kribbe A CRISE DO SER HUMANO Queridos amigos, Eu Sou Jeshua, um irm\u00e3o e esp\u00edrito afim. Pe\u00e7o a cada um de voc\u00eas que acredite em quem voc\u00ea \u00e9 e naquilo que voc\u00ea traz para a Terra neste momento. Existe um fogo dentro de voc\u00ea \u2013 um chamado, uma inspira\u00e7\u00e3o. [&hellip;]<\/p>\n","protected":false},"author":1,"featured_media":0,"comment_status":"open","ping_status":"open","sticky":false,"template":"","format":"standard","meta":{"_mi_skip_tracking":false},"categories":[3],"tags":[],"_links":{"self":[{"href":"https:\/\/www.miguelfaccio.com.br\/blog\/index.php\/wp-json\/wp\/v2\/posts\/19767"}],"collection":[{"href":"https:\/\/www.miguelfaccio.com.br\/blog\/index.php\/wp-json\/wp\/v2\/posts"}],"about":[{"href":"https:\/\/www.miguelfaccio.com.br\/blog\/index.php\/wp-json\/wp\/v2\/types\/post"}],"author":[{"embeddable":true,"href":"https:\/\/www.miguelfaccio.com.br\/blog\/index.php\/wp-json\/wp\/v2\/users\/1"}],"replies":[{"embeddable":true,"href":"https:\/\/www.miguelfaccio.com.br\/blog\/index.php\/wp-json\/wp\/v2\/comments?post=19767"}],"version-history":[{"count":2,"href":"https:\/\/www.miguelfaccio.com.br\/blog\/index.php\/wp-json\/wp\/v2\/posts\/19767\/revisions"}],"predecessor-version":[{"id":19769,"href":"https:\/\/www.miguelfaccio.com.br\/blog\/index.php\/wp-json\/wp\/v2\/posts\/19767\/revisions\/19769"}],"wp:attachment":[{"href":"https:\/\/www.miguelfaccio.com.br\/blog\/index.php\/wp-json\/wp\/v2\/media?parent=19767"}],"wp:term":[{"taxonomy":"category","embeddable":true,"href":"https:\/\/www.miguelfaccio.com.br\/blog\/index.php\/wp-json\/wp\/v2\/categories?post=19767"},{"taxonomy":"post_tag","embeddable":true,"href":"https:\/\/www.miguelfaccio.com.br\/blog\/index.php\/wp-json\/wp\/v2\/tags?post=19767"}],"curies":[{"name":"wp","href":"https:\/\/api.w.org\/{rel}","templated":true}]}}