{"id":19764,"date":"2025-08-15T09:35:40","date_gmt":"2025-08-15T12:35:40","guid":{"rendered":"https:\/\/www.miguelfaccio.com.br\/blog\/?p=19764"},"modified":"2025-08-15T09:35:42","modified_gmt":"2025-08-15T12:35:42","slug":"plv4190-livro-28-diario-08-03-2023","status":"publish","type":"post","link":"https:\/\/www.miguelfaccio.com.br\/blog\/index.php\/plv4190-livro-28-diario-08-03-2023\/","title":{"rendered":"PLV4190 \u2013 Livro 28 \u2013 Di\u00e1rio, 08\/03\/2023"},"content":{"rendered":"\n<p class=\"has-text-align-right\"><strong>08\/03\/2023<\/strong><\/p>\n\n\n\n<p>Somos seres que precisamos constantemente evoluir, estar desperto com rela\u00e7\u00e3o \u00e0 nossa dualidade. Boa parte dos terr\u00e1queos n\u00e3o est\u00e3o conscientes desta grande realidade. S\u00e3o seres que, tal qual son\u00e2mbulos, se deslocam daqui para ali, sem mesmo estarem conscientes disso, s\u00e3o aut\u00f4matos que se deslocam inconscientes. Esta ser\u00e1 a sina daqueles que, incapazes de sentirem e intelectualizarem-se como seres formados por dois princ\u00edpios. Por ora o que os comanda \u00e9 somente o princ\u00edpio material, e, ficam perdidos quando precisam laborar o princ\u00edpio espiritual. Algu\u00e9m poderia dizer essa \u00e9 a nossa sina, mas n\u00e3o \u00e9 sina nenhuma, \u00e9 uma realidade que deveria estar expressa na nossa mente desde o momento em que nos conscientizamos de nossa realidade de seres humanos. Um pouco dessa situa\u00e7\u00e3o \u00e9 expressa pela defici\u00eancia da educa\u00e7\u00e3o que foi recebida desde o ber\u00e7o materno. Talvez por in\u00e9rcia, talvez por relaxamento, talvez por ignor\u00e2ncia mesmo, os pais ou respons\u00e1veis n\u00e3o deram ao novel ser humano informa\u00e7\u00f5es importantes que levassem \u00e0 conclus\u00e3o e entendimento da dualidade, ou seja nossa parte material e a nossa parte espiritual. Este conhecimento \u00e9 de real import\u00e2ncia pois nos remete \u00e0 intelectualiza\u00e7\u00e3o de nossa individualidade, nos d\u00e1 par\u00e2metros para analisar o que realmente somos, o que realmente precisamos fazer para interagir o \u201ceu mat\u00e9ria\u201d e o \u201ceu esp\u00edrito\u201d em uma s\u00f3 unidade \u201cEU\u201d e assim buscar o conhecimento que evoluir\u00e1 o \u201cEU\u201d.<\/p>\n","protected":false},"excerpt":{"rendered":"<p>08\/03\/2023 Somos seres que precisamos constantemente evoluir, estar desperto com rela\u00e7\u00e3o \u00e0 nossa dualidade. Boa parte dos terr\u00e1queos n\u00e3o est\u00e3o conscientes desta grande realidade. S\u00e3o seres que, tal qual son\u00e2mbulos, se deslocam daqui para ali, sem mesmo estarem conscientes disso, s\u00e3o aut\u00f4matos que se deslocam inconscientes. Esta ser\u00e1 a sina daqueles que, incapazes de sentirem [&hellip;]<\/p>\n","protected":false},"author":1,"featured_media":0,"comment_status":"open","ping_status":"open","sticky":false,"template":"","format":"standard","meta":{"_mi_skip_tracking":false},"categories":[34],"tags":[],"_links":{"self":[{"href":"https:\/\/www.miguelfaccio.com.br\/blog\/index.php\/wp-json\/wp\/v2\/posts\/19764"}],"collection":[{"href":"https:\/\/www.miguelfaccio.com.br\/blog\/index.php\/wp-json\/wp\/v2\/posts"}],"about":[{"href":"https:\/\/www.miguelfaccio.com.br\/blog\/index.php\/wp-json\/wp\/v2\/types\/post"}],"author":[{"embeddable":true,"href":"https:\/\/www.miguelfaccio.com.br\/blog\/index.php\/wp-json\/wp\/v2\/users\/1"}],"replies":[{"embeddable":true,"href":"https:\/\/www.miguelfaccio.com.br\/blog\/index.php\/wp-json\/wp\/v2\/comments?post=19764"}],"version-history":[{"count":1,"href":"https:\/\/www.miguelfaccio.com.br\/blog\/index.php\/wp-json\/wp\/v2\/posts\/19764\/revisions"}],"predecessor-version":[{"id":19765,"href":"https:\/\/www.miguelfaccio.com.br\/blog\/index.php\/wp-json\/wp\/v2\/posts\/19764\/revisions\/19765"}],"wp:attachment":[{"href":"https:\/\/www.miguelfaccio.com.br\/blog\/index.php\/wp-json\/wp\/v2\/media?parent=19764"}],"wp:term":[{"taxonomy":"category","embeddable":true,"href":"https:\/\/www.miguelfaccio.com.br\/blog\/index.php\/wp-json\/wp\/v2\/categories?post=19764"},{"taxonomy":"post_tag","embeddable":true,"href":"https:\/\/www.miguelfaccio.com.br\/blog\/index.php\/wp-json\/wp\/v2\/tags?post=19764"}],"curies":[{"name":"wp","href":"https:\/\/api.w.org\/{rel}","templated":true}]}}