{"id":19759,"date":"2025-08-14T08:55:46","date_gmt":"2025-08-14T11:55:46","guid":{"rendered":"https:\/\/www.miguelfaccio.com.br\/blog\/?p=19759"},"modified":"2025-08-14T08:55:49","modified_gmt":"2025-08-14T11:55:49","slug":"plv4189-livro-28-diario-07-03-2023","status":"publish","type":"post","link":"https:\/\/www.miguelfaccio.com.br\/blog\/index.php\/plv4189-livro-28-diario-07-03-2023\/","title":{"rendered":"PLV4189 \u2013 Livro 28 \u2013 Di\u00e1rio, 07\/03\/2023"},"content":{"rendered":"\n<p class=\"has-text-align-right\"><strong>07\/03\/2023<\/strong><\/p>\n\n\n\n<p>O passado, todos j\u00e1 o conhecemos, ao menos o per\u00edodo em que nosso corpo estava vivo, experienciando, criando atrav\u00e9s do pensamento, algo que a um tempo desconhecido ir\u00e1 resgatar ou evoluir. O tempo das ila\u00e7\u00f5es quanto ao passado ou ao futuro s\u00e3o todas p\u00edfias, pois o \u00fanico tempo que existe \u00e9 o agora, que \u00e9 tamb\u00e9m o tempo de Deus. Por isso em vez de proje\u00e7\u00f5es, precisamos agir, porque o que n\u00e3o fizer agora, nunca ser\u00e1 feito. Todos os seres humanos que progridem s\u00e3o aqueles que fazem, que n\u00e3o tem medo, que n\u00e3o se satisfazem em projetar, precisam agir. N\u00e3o somos diferentes de ningu\u00e9m, por isso precisamos apesar nosso entendimento do conhecimento de que tudo s\u00f3 se realiza no agora. Poderemos fazer uma pequena compara\u00e7\u00e3o, o agora \u00e9 como se estiv\u00e9ssemos dentro de um carro andando por uma estrada. Embora as coisas, o tempo, passe e podemos perceber o que est\u00e1 do lado de fora, mas n\u00f3s dentro do carro estamos no agora. Os agora passam, mas deixam os seus registros que ter\u00e3o uma influ\u00eancia nos agora que vir\u00e3o, tanto relativos \u00e0 evolu\u00e7\u00e3o como os relativos aos resgates.<\/p>\n","protected":false},"excerpt":{"rendered":"<p>07\/03\/2023 O passado, todos j\u00e1 o conhecemos, ao menos o per\u00edodo em que nosso corpo estava vivo, experienciando, criando atrav\u00e9s do pensamento, algo que a um tempo desconhecido ir\u00e1 resgatar ou evoluir. O tempo das ila\u00e7\u00f5es quanto ao passado ou ao futuro s\u00e3o todas p\u00edfias, pois o \u00fanico tempo que existe \u00e9 o agora, que [&hellip;]<\/p>\n","protected":false},"author":1,"featured_media":0,"comment_status":"open","ping_status":"open","sticky":false,"template":"","format":"standard","meta":{"_mi_skip_tracking":false},"categories":[34],"tags":[],"_links":{"self":[{"href":"https:\/\/www.miguelfaccio.com.br\/blog\/index.php\/wp-json\/wp\/v2\/posts\/19759"}],"collection":[{"href":"https:\/\/www.miguelfaccio.com.br\/blog\/index.php\/wp-json\/wp\/v2\/posts"}],"about":[{"href":"https:\/\/www.miguelfaccio.com.br\/blog\/index.php\/wp-json\/wp\/v2\/types\/post"}],"author":[{"embeddable":true,"href":"https:\/\/www.miguelfaccio.com.br\/blog\/index.php\/wp-json\/wp\/v2\/users\/1"}],"replies":[{"embeddable":true,"href":"https:\/\/www.miguelfaccio.com.br\/blog\/index.php\/wp-json\/wp\/v2\/comments?post=19759"}],"version-history":[{"count":1,"href":"https:\/\/www.miguelfaccio.com.br\/blog\/index.php\/wp-json\/wp\/v2\/posts\/19759\/revisions"}],"predecessor-version":[{"id":19760,"href":"https:\/\/www.miguelfaccio.com.br\/blog\/index.php\/wp-json\/wp\/v2\/posts\/19759\/revisions\/19760"}],"wp:attachment":[{"href":"https:\/\/www.miguelfaccio.com.br\/blog\/index.php\/wp-json\/wp\/v2\/media?parent=19759"}],"wp:term":[{"taxonomy":"category","embeddable":true,"href":"https:\/\/www.miguelfaccio.com.br\/blog\/index.php\/wp-json\/wp\/v2\/categories?post=19759"},{"taxonomy":"post_tag","embeddable":true,"href":"https:\/\/www.miguelfaccio.com.br\/blog\/index.php\/wp-json\/wp\/v2\/tags?post=19759"}],"curies":[{"name":"wp","href":"https:\/\/api.w.org\/{rel}","templated":true}]}}