{"id":19755,"date":"2025-08-13T09:47:00","date_gmt":"2025-08-13T12:47:00","guid":{"rendered":"https:\/\/www.miguelfaccio.com.br\/blog\/?p=19755"},"modified":"2025-08-13T09:47:02","modified_gmt":"2025-08-13T12:47:02","slug":"rcd4134-raios-ou-chamas","status":"publish","type":"post","link":"https:\/\/www.miguelfaccio.com.br\/blog\/index.php\/rcd4134-raios-ou-chamas\/","title":{"rendered":"RCD4134 Raios ou Chamas"},"content":{"rendered":"\n<p class=\"has-text-align-right\"><strong>Mensagem do Universo <br>Atrav\u00e9s de Brenda Hoffman<\/strong><\/p>\n\n\n\n<p>ESCOLHA VOC\u00ca<\/p>\n\n\n\n<p>continua\u00e7\u00e3o<\/p>\n\n\n\n<p>Essa transi\u00e7\u00e3o n\u00e3o se limita aos mais inteligentes, espirituais, fisicamente capazes ou ricos. Trata-se de uma transi\u00e7\u00e3o global na qual todos, de todas as idades, podem encontrar uma vida justa e pac\u00edfica, se assim o desejarem.<\/p>\n\n\n\n<p>A frase \u201cSe assim o desejarem\u201d destaca a \u00fanica distin\u00e7\u00e3o entre aqueles que vivem em paz e harmonia e aqueles cujas vidas s\u00e3o repletas de medo, conflito e raiva.<\/p>\n\n\n\n<p>Essa transi\u00e7\u00e3o n\u00e3o \u00e9 nenhuma ci\u00eancia avan\u00e7ada; \u00e9 apenas a aceita\u00e7\u00e3o de novos pensamentos e a\u00e7\u00f5es, apesar das declara\u00e7\u00f5es e a\u00e7\u00f5es contr\u00e1rias de outros.<\/p>\n\n\n\n<p>Mais importante ainda, voc\u00ea n\u00e3o est\u00e1 sozinho. N\u00e3o \u00e9 voc\u00ea lutando contra o mundo dos pessimistas e dos opressores. \u00c9 voc\u00ea e milh\u00f5es de outros reivindicando seus poderes leg\u00edtimos para criar a vida com a qual sonham h\u00e1 eras.<\/p>\n\n\n\n<p>Mas sua vida n\u00e3o ser\u00e1 como a de seus vizinhos ou amigos, porque \u00e9 a sua vida. Uma vida \u00fanica que se mistura naturalmente com outras para criar a nova tape\u00e7aria de alegria da Terra.<\/p>\n\n\n\n<p>Permita-se acreditar e aceitar que isso \u00e9 verdade. Ent\u00e3o, deixe de lado os pessimistas e os golpistas, sabendo, no fundo, que todos, inclusive voc\u00ea, t\u00eam uma escolha.<\/p>\n\n\n\n<p>Voc\u00ea deseja continuar vivendo no medo tridimensional ou vai criar seu pr\u00f3prio caminho \u00fanico que o aprimorar\u00e1, a todos os seres da Terra, \u00e0 Terra e aos Universos?<\/p>\n\n\n\n<p>A escolha \u00e9 sua, mesmo que voc\u00ea acreditasse ter feito essa escolha h\u00e1 eras, quando aceitou seu papel de transi\u00e7\u00e3o. Devido ao peso da Terra tridimensional, voc\u00ea teve que resselecionar o amor pessoal repetidas vezes \u2013 at\u00e9 agora.<\/p>\n\n\n\n<p>Anteriormente, a maior parte das suas informa\u00e7\u00f5es de transi\u00e7\u00e3o estava escondida nas profundezas do seu ser. Isso n\u00e3o \u00e9 mais verdade. Voc\u00ea simplesmente precisa selecionar o que o seu ser clama. Voc\u00ea simplesmente precisa escolher a si mesmo em toda a sua gl\u00f3ria.<\/p>\n\n\n\n<p>Que assim seja.<\/p>\n\n\n\n<p>Am\u00e9m<\/p>\n\n\n\n<p>Formata\u00e7\u00e3o e Tradu\u00e7\u00e3o \u2013 Blog De Cora\u00e7\u00e3o a Cora\u00e7\u00e3o<\/p>\n\n\n\n<figure class=\"wp-block-embed\"><div class=\"wp-block-embed__wrapper\">\nhttps:\/\/www.decoracaoacoracao.blog.br\n<\/div><\/figure>\n\n\n\n<figure class=\"wp-block-embed\"><div class=\"wp-block-embed__wrapper\">\nhttp:\/\/stelalecocq.blogspot.com\n<\/div><\/figure>\n\n\n\n<figure class=\"wp-block-embed\"><div class=\"wp-block-embed__wrapper\">\nhttps:\/\/lecocq.wordpress.com\n<\/div><\/figure>\n\n\n\n<p>Instagram \u2013 @blogdecoracaoacoracao<\/p>\n\n\n\n<p>Informa\u00e7\u00f5es e Agendamentos para Mesa Qu\u00e2ntica Estelar, Mesa Pet, Mesa Qu\u00e2ntica 2.0, Florais de Bach, Sistema Regenerador Ashtariano, Sistema Arcturiano de Cura Multidimensional \u2013 lecocqmuller@gmail.com<\/p>\n\n\n\n<p>E-book Mensagem dos Mestres \u2013 De Cora\u00e7\u00e3o a Cora\u00e7\u00e3o\u201d \u2013 https:\/\/mensagensdosmestres.blogspot.com\/<\/p>\n\n\n\n<p>Copyright 2009-2025, Brenda Hoffman LifeTapestryCreations.com<\/p>\n\n\n\n<p>Respeite os cr\u00e9ditos<\/p>\n\n\n\n<p>LUZ!<\/p>\n\n\n\n<p>STELA<\/p>\n","protected":false},"excerpt":{"rendered":"<p>Mensagem do Universo Atrav\u00e9s de Brenda Hoffman ESCOLHA VOC\u00ca continua\u00e7\u00e3o Essa transi\u00e7\u00e3o n\u00e3o se limita aos mais inteligentes, espirituais, fisicamente capazes ou ricos. Trata-se de uma transi\u00e7\u00e3o global na qual todos, de todas as idades, podem encontrar uma vida justa e pac\u00edfica, se assim o desejarem. A frase \u201cSe assim o desejarem\u201d destaca a \u00fanica [&hellip;]<\/p>\n","protected":false},"author":1,"featured_media":0,"comment_status":"open","ping_status":"open","sticky":false,"template":"","format":"standard","meta":{"_mi_skip_tracking":false},"categories":[3],"tags":[],"_links":{"self":[{"href":"https:\/\/www.miguelfaccio.com.br\/blog\/index.php\/wp-json\/wp\/v2\/posts\/19755"}],"collection":[{"href":"https:\/\/www.miguelfaccio.com.br\/blog\/index.php\/wp-json\/wp\/v2\/posts"}],"about":[{"href":"https:\/\/www.miguelfaccio.com.br\/blog\/index.php\/wp-json\/wp\/v2\/types\/post"}],"author":[{"embeddable":true,"href":"https:\/\/www.miguelfaccio.com.br\/blog\/index.php\/wp-json\/wp\/v2\/users\/1"}],"replies":[{"embeddable":true,"href":"https:\/\/www.miguelfaccio.com.br\/blog\/index.php\/wp-json\/wp\/v2\/comments?post=19755"}],"version-history":[{"count":1,"href":"https:\/\/www.miguelfaccio.com.br\/blog\/index.php\/wp-json\/wp\/v2\/posts\/19755\/revisions"}],"predecessor-version":[{"id":19756,"href":"https:\/\/www.miguelfaccio.com.br\/blog\/index.php\/wp-json\/wp\/v2\/posts\/19755\/revisions\/19756"}],"wp:attachment":[{"href":"https:\/\/www.miguelfaccio.com.br\/blog\/index.php\/wp-json\/wp\/v2\/media?parent=19755"}],"wp:term":[{"taxonomy":"category","embeddable":true,"href":"https:\/\/www.miguelfaccio.com.br\/blog\/index.php\/wp-json\/wp\/v2\/categories?post=19755"},{"taxonomy":"post_tag","embeddable":true,"href":"https:\/\/www.miguelfaccio.com.br\/blog\/index.php\/wp-json\/wp\/v2\/tags?post=19755"}],"curies":[{"name":"wp","href":"https:\/\/api.w.org\/{rel}","templated":true}]}}