{"id":19750,"date":"2025-08-12T08:54:38","date_gmt":"2025-08-12T11:54:38","guid":{"rendered":"https:\/\/www.miguelfaccio.com.br\/blog\/?p=19750"},"modified":"2025-08-12T08:54:41","modified_gmt":"2025-08-12T11:54:41","slug":"rcd4133-raios-ou-chamas","status":"publish","type":"post","link":"https:\/\/www.miguelfaccio.com.br\/blog\/index.php\/rcd4133-raios-ou-chamas\/","title":{"rendered":"RCD4133 Raios ou Chamas"},"content":{"rendered":"\n<p class=\"has-text-align-right\"><strong>Mensagem do Universo <br>Atrav\u00e9s de Brenda Hoffman<\/strong><\/p>\n\n\n\n<p>ESCOLHA VOC\u00ca<\/p>\n\n\n\n<p>04 de agosto de 2025<\/p>\n\n\n\n<p>Queridos,<\/p>\n\n\n\n<p>Nos pr\u00f3ximos dias, voc\u00ea n\u00e3o se importar\u00e1 mais com mensagens que contradizem seus pensamentos. Ser\u00e1 como se estivesse em um lugar e tempo diferentes, pois sentir\u00e1 sua for\u00e7a interior de maneiras que n\u00e3o acreditava serem poss\u00edveis alguns dias atr\u00e1s.<\/p>\n\n\n\n<p>Voc\u00ea tomar\u00e1 conhecimento de um problema global e saber\u00e1, em seu \u00edntimo, que o problema n\u00e3o afetar\u00e1 voc\u00ea nem aqueles com quem se importa.<\/p>\n\n\n\n<p>Embora essa \u00faltima afirma\u00e7\u00e3o pare\u00e7a equivocada, a realidade \u00e9 que, \u00e0 medida que voc\u00ea come\u00e7ar a sentir o qu\u00e3o poderoso se tornou, compreender\u00e1 que outros t\u00eam as mesmas capacidades, se optarem por us\u00e1-las.<\/p>\n\n\n\n<p>Essa transi\u00e7\u00e3o n\u00e3o se trata mais de algumas pessoas se tornarem mais ou menos poderosas que outras, mas sim de que todos s\u00e3o igualmente poderosos, se assim o desejarem.<\/p>\n\n\n\n<p>N\u00e3o h\u00e1 mais aqueles que controlam os outros por meio de riqueza ou tomada de poder, nem aqueles que s\u00e3o incapazes de se defenderem sozinhos, a menos que assim o decidam.<\/p>\n\n\n\n<p>\u00c9 claro que voc\u00ea imediatamente responder\u00e1 que aqueles com defici\u00eancias f\u00edsicas, emocionais ou mentais, como voc\u00ea os rotulou na 3D, n\u00e3o sobreviver\u00e3o.<\/p>\n\n\n\n<p>N\u00f3s, os Universos, reafirmamos que todos na Terra podem viver em paz e harmonia, apesar das eras de treinamento que os levaram a acreditar o contr\u00e1rio.<\/p>\n\n\n\n<p>Aqueles que t\u00eam as dificuldades da 3D de que falamos tamb\u00e9m t\u00eam o poder de criar os recursos necess\u00e1rios para cuidar deles, apesar da sua cren\u00e7a de que eles n\u00e3o s\u00e3o capazes de faz\u00ea-lo porque n\u00e3o pensam ou funcionam como voc\u00ea.<\/p>\n\n\n\n<p>continua<\/p>\n","protected":false},"excerpt":{"rendered":"<p>Mensagem do Universo Atrav\u00e9s de Brenda Hoffman ESCOLHA VOC\u00ca 04 de agosto de 2025 Queridos, Nos pr\u00f3ximos dias, voc\u00ea n\u00e3o se importar\u00e1 mais com mensagens que contradizem seus pensamentos. Ser\u00e1 como se estivesse em um lugar e tempo diferentes, pois sentir\u00e1 sua for\u00e7a interior de maneiras que n\u00e3o acreditava serem poss\u00edveis alguns dias atr\u00e1s. Voc\u00ea [&hellip;]<\/p>\n","protected":false},"author":1,"featured_media":0,"comment_status":"open","ping_status":"open","sticky":false,"template":"","format":"standard","meta":{"_mi_skip_tracking":false},"categories":[3],"tags":[],"_links":{"self":[{"href":"https:\/\/www.miguelfaccio.com.br\/blog\/index.php\/wp-json\/wp\/v2\/posts\/19750"}],"collection":[{"href":"https:\/\/www.miguelfaccio.com.br\/blog\/index.php\/wp-json\/wp\/v2\/posts"}],"about":[{"href":"https:\/\/www.miguelfaccio.com.br\/blog\/index.php\/wp-json\/wp\/v2\/types\/post"}],"author":[{"embeddable":true,"href":"https:\/\/www.miguelfaccio.com.br\/blog\/index.php\/wp-json\/wp\/v2\/users\/1"}],"replies":[{"embeddable":true,"href":"https:\/\/www.miguelfaccio.com.br\/blog\/index.php\/wp-json\/wp\/v2\/comments?post=19750"}],"version-history":[{"count":1,"href":"https:\/\/www.miguelfaccio.com.br\/blog\/index.php\/wp-json\/wp\/v2\/posts\/19750\/revisions"}],"predecessor-version":[{"id":19751,"href":"https:\/\/www.miguelfaccio.com.br\/blog\/index.php\/wp-json\/wp\/v2\/posts\/19750\/revisions\/19751"}],"wp:attachment":[{"href":"https:\/\/www.miguelfaccio.com.br\/blog\/index.php\/wp-json\/wp\/v2\/media?parent=19750"}],"wp:term":[{"taxonomy":"category","embeddable":true,"href":"https:\/\/www.miguelfaccio.com.br\/blog\/index.php\/wp-json\/wp\/v2\/categories?post=19750"},{"taxonomy":"post_tag","embeddable":true,"href":"https:\/\/www.miguelfaccio.com.br\/blog\/index.php\/wp-json\/wp\/v2\/tags?post=19750"}],"curies":[{"name":"wp","href":"https:\/\/api.w.org\/{rel}","templated":true}]}}