{"id":19748,"date":"2025-08-12T08:52:27","date_gmt":"2025-08-12T11:52:27","guid":{"rendered":"https:\/\/www.miguelfaccio.com.br\/blog\/?p=19748"},"modified":"2025-08-12T08:52:30","modified_gmt":"2025-08-12T11:52:30","slug":"plv4187-livro-28-diario-05-03-2023","status":"publish","type":"post","link":"https:\/\/www.miguelfaccio.com.br\/blog\/index.php\/plv4187-livro-28-diario-05-03-2023\/","title":{"rendered":"PLV4187 \u2013 Livro 28 \u2013 Di\u00e1rio, 05\/03\/2023"},"content":{"rendered":"\n<p class=\"has-text-align-right\"><strong>05\/03\/2023<\/strong><\/p>\n\n\n\n<p>Chegar\u00e1 um ponto em que teremos que reagir, optar, escolher, o que queremos de nossa vida. Especialmente agora que est\u00e1 chegando ao fim a Terra em 3D, e est\u00e1, a todo vapor se deslocando para 5D. Possivelmente aqueles aficionados a mat\u00e9ria, continuem, e em determinado momento acordar\u00e3o em outro lugar, talvez em uma caverna. Porque a Terra em 3D, que tanto amavam, j\u00e1 n\u00e3o existe mais. Ser\u00e1 a condi\u00e7\u00e3o dos que n\u00e3o se preocupam e n\u00e3o investem em sua evolu\u00e7\u00e3o, com isso, talvez n\u00e3o regridam, mas se distanciam daqueles que buscam evoluir espiritualmente, cujo avan\u00e7o, dividem com o corpo que usam. Os aficionados na mat\u00e9ria, geralmente n\u00e3o evoluem, usam, se locupletaram com a mat\u00e9ria. \u00c9 diferente de evoluir com a mat\u00e9ria. Pode ser, o ser aficionado pela mat\u00e9ria, mas sabe dividir seu afer com o esp\u00edrito, de forma que garanta a evolu\u00e7\u00e3o dos dois, dando maior condi\u00e7\u00e3o de entendimento daquilo que est\u00e1 aqui, quando voltar \u00e0 vida ap\u00f3s a vida. Torna-se mais f\u00e1cil ao esp\u00edrito quando for reencarnar pois tem o melhor entendimento das rela\u00e7\u00f5es corpo\/esp\u00edrito. A perspectiva do esp\u00edrito \u00e9 sempre encontrar um bom instrumento para si em sua nova caminhada terrena.<\/p>\n","protected":false},"excerpt":{"rendered":"<p>05\/03\/2023 Chegar\u00e1 um ponto em que teremos que reagir, optar, escolher, o que queremos de nossa vida. Especialmente agora que est\u00e1 chegando ao fim a Terra em 3D, e est\u00e1, a todo vapor se deslocando para 5D. Possivelmente aqueles aficionados a mat\u00e9ria, continuem, e em determinado momento acordar\u00e3o em outro lugar, talvez em uma caverna. [&hellip;]<\/p>\n","protected":false},"author":1,"featured_media":0,"comment_status":"open","ping_status":"open","sticky":false,"template":"","format":"standard","meta":{"_mi_skip_tracking":false},"categories":[34],"tags":[],"_links":{"self":[{"href":"https:\/\/www.miguelfaccio.com.br\/blog\/index.php\/wp-json\/wp\/v2\/posts\/19748"}],"collection":[{"href":"https:\/\/www.miguelfaccio.com.br\/blog\/index.php\/wp-json\/wp\/v2\/posts"}],"about":[{"href":"https:\/\/www.miguelfaccio.com.br\/blog\/index.php\/wp-json\/wp\/v2\/types\/post"}],"author":[{"embeddable":true,"href":"https:\/\/www.miguelfaccio.com.br\/blog\/index.php\/wp-json\/wp\/v2\/users\/1"}],"replies":[{"embeddable":true,"href":"https:\/\/www.miguelfaccio.com.br\/blog\/index.php\/wp-json\/wp\/v2\/comments?post=19748"}],"version-history":[{"count":1,"href":"https:\/\/www.miguelfaccio.com.br\/blog\/index.php\/wp-json\/wp\/v2\/posts\/19748\/revisions"}],"predecessor-version":[{"id":19749,"href":"https:\/\/www.miguelfaccio.com.br\/blog\/index.php\/wp-json\/wp\/v2\/posts\/19748\/revisions\/19749"}],"wp:attachment":[{"href":"https:\/\/www.miguelfaccio.com.br\/blog\/index.php\/wp-json\/wp\/v2\/media?parent=19748"}],"wp:term":[{"taxonomy":"category","embeddable":true,"href":"https:\/\/www.miguelfaccio.com.br\/blog\/index.php\/wp-json\/wp\/v2\/categories?post=19748"},{"taxonomy":"post_tag","embeddable":true,"href":"https:\/\/www.miguelfaccio.com.br\/blog\/index.php\/wp-json\/wp\/v2\/tags?post=19748"}],"curies":[{"name":"wp","href":"https:\/\/api.w.org\/{rel}","templated":true}]}}