{"id":19745,"date":"2025-08-11T08:37:52","date_gmt":"2025-08-11T11:37:52","guid":{"rendered":"https:\/\/www.miguelfaccio.com.br\/blog\/?p=19745"},"modified":"2025-08-11T08:37:54","modified_gmt":"2025-08-11T11:37:54","slug":"rcd4132-raios-ou-chamas","status":"publish","type":"post","link":"https:\/\/www.miguelfaccio.com.br\/blog\/index.php\/rcd4132-raios-ou-chamas\/","title":{"rendered":"RCD4132 Raios ou Chamas"},"content":{"rendered":"\n<p class=\"has-text-align-right\"><strong>KRYON <br>Atrav\u00e9s de Lee Carroll<\/strong><\/p>\n\n\n\n<p>ACELERANDO O TEMPO<\/p>\n\n\n\n<p>Nos pr\u00f3ximos anos, seus astr\u00f4nomos e seus f\u00edsicos podem come\u00e7ar a juntar a anomalia do tempo relativo e sua parte nisso.<\/p>\n\n\n\n<p>Voc\u00ea est\u00e1 mudando o tempo em sua \u00e1rea, mas n\u00e3o tem outro per\u00edodo de tempo para compar\u00e1-lo.<\/p>\n\n\n\n<p>Portanto, o tempo parece ser o mesmo, mas no n\u00edvel celular, a maioria de voc\u00eas est\u00e1 ciente da acelera\u00e7\u00e3o que est\u00e1 acontecendo.<\/p>\n\n\n\n<p>Embora isso possa n\u00e3o fazer sentido para voc\u00ea, chegar\u00e1 um momento em que a ci\u00eancia olhar\u00e1 para o Universo ao seu redor e dir\u00e1 que ele est\u00e1 \u201cdesacelerando\u201d.<\/p>\n\n\n\n<p>A realidade \u00e9 que voc\u00ea est\u00e1 acelerando!<\/p>\n\n\n\n<p>Fique atento.<\/p>\n\n\n\n<p>Tem a ver com a relatividade do tempo, com este planeta e o que voc\u00eas fizeram. Alguns de voc\u00eas j\u00e1 podem sentir isso e dizer: \u201c\u00c9 claro que o tempo est\u00e1 acelerando. Podemos sentir!\u201d<\/p>\n\n\n\n<p>Alguns de voc\u00eas acordam de manh\u00e3 cedo com ansiedade porque suas c\u00e9lulas sentem isso. Voc\u00ea est\u00e1 absolutamente certo se j\u00e1 se perguntou se o tempo est\u00e1 acelerando.<\/p>\n\n\n\n<p>Bem-vindos ao in\u00edcio de uma dimensionalidade que voc\u00eas n\u00e3o tinham ontem!<\/p>\n\n\n\n<p>~ Kryon<\/p>\n\n\n\n<p>(Do Livro VIII de Kryon \u2013 Passando o Marcador)<\/p>\n\n\n\n<p>Formata\u00e7\u00e3o \u2013 Blog De Cora\u00e7\u00e3o a Cora\u00e7\u00e3o<\/p>\n\n\n\n<figure class=\"wp-block-embed\"><div class=\"wp-block-embed__wrapper\">\nhttp:\/\/www.decoracaoacoracao.blog.br\/\n<\/div><\/figure>\n\n\n\n<figure class=\"wp-block-embed\"><div class=\"wp-block-embed__wrapper\">\nhttp:\/\/stelalecocq.blogspot.com\n<\/div><\/figure>\n\n\n\n<figure class=\"wp-block-embed\"><div class=\"wp-block-embed__wrapper\">\nhttps:\/\/lecocq.wordpress.com\n<\/div><\/figure>\n\n\n\n<p>Instagram \u2013 @blogdecoracaoacoracao<\/p>\n\n\n\n<p>Informa\u00e7\u00f5es e Agendamentos para Mesa Qu\u00e2ntica Estelar, Mesa Pet, Mesa Qu\u00e2ntica 2.0, Florais de Bach, Sistema Regenerador Ashtariano, Sistema Arcturiano de Cura Multidimensional \u2013 lecocqmuller@gmail.com<\/p>\n\n\n\n<p>E-book \u201cMensagens dos Mestres \u2013 De Cora\u00e7\u00e3o a Cora\u00e7\u00e3o\u201d \u2013 https:\/\/mensagensdosmestres.blogspot.com\/<\/p>\n\n\n\n<p>Tradu\u00e7\u00e3o: Regina Drumond \u2013 reginamadrumond@yahoo.com.br<\/p>\n\n\n\n<p>Respeite todos os cr\u00e9ditos ao compartilhar<\/p>\n\n\n\n<p>LUZ!<\/p>\n\n\n\n<p>STELA<\/p>\n","protected":false},"excerpt":{"rendered":"<p>KRYON Atrav\u00e9s de Lee Carroll ACELERANDO O TEMPO Nos pr\u00f3ximos anos, seus astr\u00f4nomos e seus f\u00edsicos podem come\u00e7ar a juntar a anomalia do tempo relativo e sua parte nisso. Voc\u00ea est\u00e1 mudando o tempo em sua \u00e1rea, mas n\u00e3o tem outro per\u00edodo de tempo para compar\u00e1-lo. Portanto, o tempo parece ser o mesmo, mas no [&hellip;]<\/p>\n","protected":false},"author":1,"featured_media":0,"comment_status":"open","ping_status":"open","sticky":false,"template":"","format":"standard","meta":{"_mi_skip_tracking":false},"categories":[3],"tags":[],"_links":{"self":[{"href":"https:\/\/www.miguelfaccio.com.br\/blog\/index.php\/wp-json\/wp\/v2\/posts\/19745"}],"collection":[{"href":"https:\/\/www.miguelfaccio.com.br\/blog\/index.php\/wp-json\/wp\/v2\/posts"}],"about":[{"href":"https:\/\/www.miguelfaccio.com.br\/blog\/index.php\/wp-json\/wp\/v2\/types\/post"}],"author":[{"embeddable":true,"href":"https:\/\/www.miguelfaccio.com.br\/blog\/index.php\/wp-json\/wp\/v2\/users\/1"}],"replies":[{"embeddable":true,"href":"https:\/\/www.miguelfaccio.com.br\/blog\/index.php\/wp-json\/wp\/v2\/comments?post=19745"}],"version-history":[{"count":1,"href":"https:\/\/www.miguelfaccio.com.br\/blog\/index.php\/wp-json\/wp\/v2\/posts\/19745\/revisions"}],"predecessor-version":[{"id":19746,"href":"https:\/\/www.miguelfaccio.com.br\/blog\/index.php\/wp-json\/wp\/v2\/posts\/19745\/revisions\/19746"}],"wp:attachment":[{"href":"https:\/\/www.miguelfaccio.com.br\/blog\/index.php\/wp-json\/wp\/v2\/media?parent=19745"}],"wp:term":[{"taxonomy":"category","embeddable":true,"href":"https:\/\/www.miguelfaccio.com.br\/blog\/index.php\/wp-json\/wp\/v2\/categories?post=19745"},{"taxonomy":"post_tag","embeddable":true,"href":"https:\/\/www.miguelfaccio.com.br\/blog\/index.php\/wp-json\/wp\/v2\/tags?post=19745"}],"curies":[{"name":"wp","href":"https:\/\/api.w.org\/{rel}","templated":true}]}}