{"id":19741,"date":"2025-08-10T09:34:57","date_gmt":"2025-08-10T12:34:57","guid":{"rendered":"https:\/\/www.miguelfaccio.com.br\/blog\/?p=19741"},"modified":"2025-08-10T09:34:59","modified_gmt":"2025-08-10T12:34:59","slug":"rcd4131-raios-ou-chamas","status":"publish","type":"post","link":"https:\/\/www.miguelfaccio.com.br\/blog\/index.php\/rcd4131-raios-ou-chamas\/","title":{"rendered":"RCD4131 Raios ou Chamas"},"content":{"rendered":"\n<p class=\"has-text-align-right\"><strong>O Conselho Arcturiano da 9D <br>Atrav\u00e9s de Daniel Scranton<\/strong><\/p>\n\n\n\n<p>AS ENERGIAS DO PORTAL DE LE\u00c3O 8\/8<\/p>\n\n\n\n<p>04 de agosto de 2025<\/p>\n\n\n\n<p>Sauda\u00e7\u00f5es.<\/p>\n\n\n\n<p>N\u00f3s Somos o Conselho Arcturiano.<\/p>\n\n\n\n<p>\u00c9 um prazer conectar-nos com todos voc\u00eas.<\/p>\n\n\n\n<p>Temos o prazer de, neste momento, falar sobre as energias do Portal de Le\u00e3o para 2025.<\/p>\n\n\n\n<p>Tudo est\u00e1 sempre mudando e evoluindo neste nosso universo. E, portanto, as energias do Portal de Le\u00e3o deste ano s\u00e3o, naturalmente, diferentes das energias do Portal de Le\u00e3o de 2024 e de todos os anos anteriores a este.<\/p>\n\n\n\n<p>Queremos que voc\u00ea saiba que est\u00e1 sendo assistido o tempo todo e em tempo real, e o que queremos dizer com isso \u00e9 que voc\u00ea sempre recebe o que precisa, e \u00e0s vezes isso coincide com o que voc\u00ea tem pedido. Este \u00e9 um desses momentos.<\/p>\n\n\n\n<p>Sabemos que voc\u00eas desejam viver em um planeta pac\u00edfico. Sabemos que tamb\u00e9m desejam paz interior, e sabemos que muitos de voc\u00eas veem a correla\u00e7\u00e3o entre sua paz interior e a paz no mundo exterior.<\/p>\n\n\n\n<p>Sabemos tamb\u00e9m que muitos de voc\u00eas desejam manifestar mais e ser mais criativos, e queremos garantir que as energias do Portal de Le\u00e3o de 2025 tamb\u00e9m incluem impulsos, inspira\u00e7\u00e3o, ideias, tudo o que voc\u00eas precisam para serem os manifestadores criativos que realmente s\u00e3o.<\/p>\n\n\n\n<p>Mas a paz deve vir primeiro. Voc\u00ea n\u00e3o quer se manifestar a partir de um lugar de caos, desespero, raiva, medo ou tristeza. Voc\u00ea quer criar e se manifestar a partir de um lugar de paz interior, e \u00e9 por isso que a base da paz interior vem sendo constru\u00edda desde agora e at\u00e9 o dia 8 de agosto, quando o Portal de Le\u00e3o estar\u00e1 totalmente aberto.<\/p>\n\n\n\n<p>No dia 8, voc\u00eas v\u00e3o querer reservar um tempo para si mesmos.<\/p>\n\n\n\n<p>Voc\u00eas v\u00e3o querer cultivar a paz interior. Voc\u00eas v\u00e3o querer prestar aten\u00e7\u00e3o aos seus pensamentos meditando, estando presentes e atentos, e tamb\u00e9m v\u00e3o querer anotar todas as coisas que gostariam de manifestar no seu mundo e nas suas realidades pessoais.<\/p>\n\n\n\n<p>Voc\u00eas v\u00e3o querer saber para onde est\u00e3o caminhando a partir desse lugar de profunda paz interior.<\/p>\n\n\n\n<p>E, claro, todos voc\u00eas desejam paz na Terra. Todos voc\u00eas querem que as na\u00e7\u00f5es em guerra larguem as armas e se unam para decidir como viver em paz umas com as outras. Isso \u00e9 algo que beneficia a todos.<\/p>\n\n\n\n<p>Isso \u00e9 algo que voc\u00eas est\u00e3o cocriando, e voc\u00eas t\u00eam um desejo maior agora do que tinham antes de todas as guerras, bombardeios, ataques terroristas e assim por diante.<\/p>\n\n\n\n<p>Esse desejo serve a voc\u00eas, e quando encontrarem esse lugar de paz interior, esses desejos podem se concretizar, e se concretizar rapidamente, com a ajuda das energias do Portal de Le\u00e3o, das energias de Agosto e de tudo o que voc\u00eas t\u00eam invocado para si mesmos e para a vers\u00e3o da Terra que est\u00e3o vivenciando pessoalmente.<\/p>\n\n\n\n<p>Tenha certeza de que voc\u00ea j\u00e1 est\u00e1 recebendo o que precisa e que mais est\u00e1 por vir. Mais sempre vir\u00e1, e voc\u00eas s\u00e3o os \u00fanicos que precisam relaxar o suficiente para se abrirem ao que est\u00e3o recebendo, para que possam se beneficiar deste grande momento de despertar e transforma\u00e7\u00e3o, ascens\u00e3o e se tornarem quem e o que realmente s\u00e3o e sempre foram.<\/p>\n\n\n\n<p>~ N\u00f3s Somos O Conselho Arcturiano e foi um prazer nos conectar com voc\u00eas<\/p>\n\n\n\n<p>Formata\u00e7\u00e3o e Tradu\u00e7\u00e3o \u2013 Blog De Cora\u00e7\u00e3o a Cora\u00e7\u00e3o<\/p>\n\n\n\n<figure class=\"wp-block-embed\"><div class=\"wp-block-embed__wrapper\">\nhttps:\/\/www.decoracaoacoracao.blog.br\n<\/div><\/figure>\n\n\n\n<figure class=\"wp-block-embed\"><div class=\"wp-block-embed__wrapper\">\nhttp:\/\/stelalecocq.blogspot.com\n<\/div><\/figure>\n\n\n\n<figure class=\"wp-block-embed\"><div class=\"wp-block-embed__wrapper\">\nhttps:\/\/lecocq.wordpress.com\n<\/div><\/figure>\n\n\n\n<p>Instagram \u2013 @blogdecoracaoacoracao<\/p>\n\n\n\n<p>Informa\u00e7\u00f5es e Agendamentos para Mesa Qu\u00e2ntica Estelar, Mesa Pet, Mesa Qu\u00e2ntica 2.0, Florais de Bach, Sistema Regenerador Ashtariano, Sistema Arcturiano de Cura Multidimensional \u2013 lecocqmuller@gmail.com<\/p>\n\n\n\n<p>E-book Mensagem dos Mestres \u2013 De Cora\u00e7\u00e3o a Cora\u00e7\u00e3o\u201d \u2013 https:\/\/mensagensdosmestres.blogspot.com\/<\/p>\n\n\n\n<figure class=\"wp-block-embed\"><div class=\"wp-block-embed__wrapper\">\nhttps:\/\/danielscranton.com\/\n<\/div><\/figure>\n\n\n\n<p>Respeite os cr\u00e9ditos<\/p>\n\n\n\n<p>LUZ!<\/p>\n\n\n\n<p>STELA<\/p>\n","protected":false},"excerpt":{"rendered":"<p>O Conselho Arcturiano da 9D Atrav\u00e9s de Daniel Scranton AS ENERGIAS DO PORTAL DE LE\u00c3O 8\/8 04 de agosto de 2025 Sauda\u00e7\u00f5es. N\u00f3s Somos o Conselho Arcturiano. \u00c9 um prazer conectar-nos com todos voc\u00eas. Temos o prazer de, neste momento, falar sobre as energias do Portal de Le\u00e3o para 2025. Tudo est\u00e1 sempre mudando e [&hellip;]<\/p>\n","protected":false},"author":1,"featured_media":0,"comment_status":"open","ping_status":"open","sticky":false,"template":"","format":"standard","meta":{"_mi_skip_tracking":false},"categories":[3],"tags":[],"_links":{"self":[{"href":"https:\/\/www.miguelfaccio.com.br\/blog\/index.php\/wp-json\/wp\/v2\/posts\/19741"}],"collection":[{"href":"https:\/\/www.miguelfaccio.com.br\/blog\/index.php\/wp-json\/wp\/v2\/posts"}],"about":[{"href":"https:\/\/www.miguelfaccio.com.br\/blog\/index.php\/wp-json\/wp\/v2\/types\/post"}],"author":[{"embeddable":true,"href":"https:\/\/www.miguelfaccio.com.br\/blog\/index.php\/wp-json\/wp\/v2\/users\/1"}],"replies":[{"embeddable":true,"href":"https:\/\/www.miguelfaccio.com.br\/blog\/index.php\/wp-json\/wp\/v2\/comments?post=19741"}],"version-history":[{"count":1,"href":"https:\/\/www.miguelfaccio.com.br\/blog\/index.php\/wp-json\/wp\/v2\/posts\/19741\/revisions"}],"predecessor-version":[{"id":19742,"href":"https:\/\/www.miguelfaccio.com.br\/blog\/index.php\/wp-json\/wp\/v2\/posts\/19741\/revisions\/19742"}],"wp:attachment":[{"href":"https:\/\/www.miguelfaccio.com.br\/blog\/index.php\/wp-json\/wp\/v2\/media?parent=19741"}],"wp:term":[{"taxonomy":"category","embeddable":true,"href":"https:\/\/www.miguelfaccio.com.br\/blog\/index.php\/wp-json\/wp\/v2\/categories?post=19741"},{"taxonomy":"post_tag","embeddable":true,"href":"https:\/\/www.miguelfaccio.com.br\/blog\/index.php\/wp-json\/wp\/v2\/tags?post=19741"}],"curies":[{"name":"wp","href":"https:\/\/api.w.org\/{rel}","templated":true}]}}