{"id":19619,"date":"2025-07-14T09:35:10","date_gmt":"2025-07-14T12:35:10","guid":{"rendered":"https:\/\/www.miguelfaccio.com.br\/blog\/?p=19619"},"modified":"2025-07-14T09:35:15","modified_gmt":"2025-07-14T12:35:15","slug":"plv4158-livro-28-diario-04-02-2023","status":"publish","type":"post","link":"https:\/\/www.miguelfaccio.com.br\/blog\/index.php\/plv4158-livro-28-diario-04-02-2023\/","title":{"rendered":"PLV4158 \u2013 Livro 28 \u2013 Di\u00e1rio, 04\/02\/2023"},"content":{"rendered":"\n<p class=\"has-text-align-right\"><strong>04\/02\/2023<\/strong><\/p>\n\n\n\n<p>O v\u00edcio e a virtude est\u00e3o sempre lado a lado. A dist\u00e2ncia de sair de um para outro \u00e9 pequena, depende somente da op\u00e7\u00e3o e querer. O v\u00edcio, normalmente \u00e9 degradante, muito ligado \u00e0 mat\u00e9ria, \u00e0s coisas materiais. Leva geralmente o ser humano a perder sua dignidade como ser humano e como uma part\u00edcula do Deus Uno individualizada, que formou parceria com o corpo de um ser humano para conseguir com maior facilidade evoluir. A descida \u00e0 mat\u00e9ria pode ser um jogo de azar, ou se perde ou se ganha. Isso vai depender muito das atitudes do consciente do corpo que usa. Quando este consciente \u00e9 malformado, sempre surge o rescaldo para o esp\u00edrito. Pode at\u00e9 acontecer que, embora, n\u00e3o tenha recebido boas informa\u00e7\u00f5es na inf\u00e2ncia, mas seu consciente, sua vontade, seu desejo imp\u00f5e-se ao desleixo dos respons\u00e1veis em sua inf\u00e2ncia e consegue atrav\u00e9s de seu esfor\u00e7o sobrepujar as car\u00eancias de sua inf\u00e2ncia e a passos de gigante dirigir-se ao objetivo tra\u00e7ado, imaginado e assim tornar-se o melhor auxiliar de seu esp\u00edrito, onde ambos evoluem rapidamente. N\u00e3o se pode esquecer que o corpo \u00e9 o espelho do esp\u00edrito. Que por si s\u00f3 nem existiria. Quanto mais o corpo participa com o esp\u00edrito, maior ser\u00e1 a evolu\u00e7\u00e3o de ambos. \u00c9 aqui, em que se demonstra a virtude, que se pode at\u00e9 chamar de busca de conhecimentos, de experiencia\u00e7\u00f5es e de satisfazer o chamado do DNA para a evolu\u00e7\u00e3o. Tudo \u00e9 uma condi\u00e7\u00e3o de op\u00e7\u00e3o e de querer.<\/p>\n","protected":false},"excerpt":{"rendered":"<p>04\/02\/2023 O v\u00edcio e a virtude est\u00e3o sempre lado a lado. A dist\u00e2ncia de sair de um para outro \u00e9 pequena, depende somente da op\u00e7\u00e3o e querer. O v\u00edcio, normalmente \u00e9 degradante, muito ligado \u00e0 mat\u00e9ria, \u00e0s coisas materiais. Leva geralmente o ser humano a perder sua dignidade como ser humano e como uma part\u00edcula [&hellip;]<\/p>\n","protected":false},"author":1,"featured_media":0,"comment_status":"open","ping_status":"open","sticky":false,"template":"","format":"standard","meta":{"_mi_skip_tracking":false},"categories":[34],"tags":[],"_links":{"self":[{"href":"https:\/\/www.miguelfaccio.com.br\/blog\/index.php\/wp-json\/wp\/v2\/posts\/19619"}],"collection":[{"href":"https:\/\/www.miguelfaccio.com.br\/blog\/index.php\/wp-json\/wp\/v2\/posts"}],"about":[{"href":"https:\/\/www.miguelfaccio.com.br\/blog\/index.php\/wp-json\/wp\/v2\/types\/post"}],"author":[{"embeddable":true,"href":"https:\/\/www.miguelfaccio.com.br\/blog\/index.php\/wp-json\/wp\/v2\/users\/1"}],"replies":[{"embeddable":true,"href":"https:\/\/www.miguelfaccio.com.br\/blog\/index.php\/wp-json\/wp\/v2\/comments?post=19619"}],"version-history":[{"count":1,"href":"https:\/\/www.miguelfaccio.com.br\/blog\/index.php\/wp-json\/wp\/v2\/posts\/19619\/revisions"}],"predecessor-version":[{"id":19620,"href":"https:\/\/www.miguelfaccio.com.br\/blog\/index.php\/wp-json\/wp\/v2\/posts\/19619\/revisions\/19620"}],"wp:attachment":[{"href":"https:\/\/www.miguelfaccio.com.br\/blog\/index.php\/wp-json\/wp\/v2\/media?parent=19619"}],"wp:term":[{"taxonomy":"category","embeddable":true,"href":"https:\/\/www.miguelfaccio.com.br\/blog\/index.php\/wp-json\/wp\/v2\/categories?post=19619"},{"taxonomy":"post_tag","embeddable":true,"href":"https:\/\/www.miguelfaccio.com.br\/blog\/index.php\/wp-json\/wp\/v2\/tags?post=19619"}],"curies":[{"name":"wp","href":"https:\/\/api.w.org\/{rel}","templated":true}]}}