{"id":19615,"date":"2025-07-13T09:44:42","date_gmt":"2025-07-13T12:44:42","guid":{"rendered":"https:\/\/www.miguelfaccio.com.br\/blog\/?p=19615"},"modified":"2025-07-13T09:44:44","modified_gmt":"2025-07-13T12:44:44","slug":"plv4157-livro-28-diario-03-02-2023","status":"publish","type":"post","link":"https:\/\/www.miguelfaccio.com.br\/blog\/index.php\/plv4157-livro-28-diario-03-02-2023\/","title":{"rendered":"PLV4157 \u2013 Livro 28 \u2013 Di\u00e1rio, 03\/02\/2023"},"content":{"rendered":"\n<p class=\"has-text-align-right\"><strong>03\/02\/2023<\/strong><\/p>\n\n\n\n<p>Estamos no mundo, mas n\u00e3o somos do mundo. \u00c9 uma grande realidade que escapa, quase que, \u00e0 totalidade da atual civiliza\u00e7\u00e3o. Essa consci\u00eancia rasa, digamos assim, nos impede de evoluir, de buscar o melhor lugar, quando sa\u00edmos deste mundo. Aqui, a mat\u00e9ria cerceia a expans\u00e3o do que, de mais importante temos dentro de n\u00f3s, que \u00e9 a ess\u00eancia, que \u00e9 o esp\u00edrito, que \u00e9 a part\u00edcula individualizada e consciente, que \u00e0 rev\u00e9s de toda a ignor\u00e2ncia a seu respeito, continua a dar \u00e0 mat\u00e9ria, ao corpo f\u00edsico, sua exist\u00eancia e dotes. H\u00e1 a necessidade de conscientizar uma uni\u00e3o existente, desde a exist\u00eancia do corpo, com sua ess\u00eancia. A grande realidade \u00e9 que o corpo, por si s\u00f3, n\u00e3o existiria, ele precisa do concurso do esp\u00edrito, n\u00e3o s\u00f3 para sua exist\u00eancia como para a pr\u00f3pria evolu\u00e7\u00e3o dentro das ci\u00eancias dos homens. O corpo evoluindo, evolui tamb\u00e9m seu esp\u00edrito, porque \u00e9 essa uni\u00e3o que possibilita que o corpo seja o intermedi\u00e1rio do esp\u00edrito para a experiencia\u00e7\u00e3o dos conhecimentos, para sua pr\u00f3pria evolu\u00e7\u00e3o, que, em \u00faltima an\u00e1lise retorna \u00e0 pr\u00f3pria evolu\u00e7\u00e3o do corpo. A s\u00edntese: o esp\u00edrito veio buscar, o corpo possibilitou, o esp\u00edrito evoluiu e o corpo tamb\u00e9m aproveitou. Esse interc\u00e2mbio \u00e9 t\u00e3o importante que, quando o esp\u00edrito fizer sua ascens\u00e3o, o corpo o acompanhar\u00e1, livre das condi\u00e7\u00f5es materiais de densidade, peso e demais caracter\u00edsticas que o limitam \u00e0 superf\u00edcie do planeta e volitar\u00e1 livre, ao comando de seu pensamento.<\/p>\n","protected":false},"excerpt":{"rendered":"<p>03\/02\/2023 Estamos no mundo, mas n\u00e3o somos do mundo. \u00c9 uma grande realidade que escapa, quase que, \u00e0 totalidade da atual civiliza\u00e7\u00e3o. Essa consci\u00eancia rasa, digamos assim, nos impede de evoluir, de buscar o melhor lugar, quando sa\u00edmos deste mundo. Aqui, a mat\u00e9ria cerceia a expans\u00e3o do que, de mais importante temos dentro de n\u00f3s, [&hellip;]<\/p>\n","protected":false},"author":1,"featured_media":0,"comment_status":"open","ping_status":"open","sticky":false,"template":"","format":"standard","meta":{"_mi_skip_tracking":false},"categories":[34],"tags":[],"_links":{"self":[{"href":"https:\/\/www.miguelfaccio.com.br\/blog\/index.php\/wp-json\/wp\/v2\/posts\/19615"}],"collection":[{"href":"https:\/\/www.miguelfaccio.com.br\/blog\/index.php\/wp-json\/wp\/v2\/posts"}],"about":[{"href":"https:\/\/www.miguelfaccio.com.br\/blog\/index.php\/wp-json\/wp\/v2\/types\/post"}],"author":[{"embeddable":true,"href":"https:\/\/www.miguelfaccio.com.br\/blog\/index.php\/wp-json\/wp\/v2\/users\/1"}],"replies":[{"embeddable":true,"href":"https:\/\/www.miguelfaccio.com.br\/blog\/index.php\/wp-json\/wp\/v2\/comments?post=19615"}],"version-history":[{"count":1,"href":"https:\/\/www.miguelfaccio.com.br\/blog\/index.php\/wp-json\/wp\/v2\/posts\/19615\/revisions"}],"predecessor-version":[{"id":19616,"href":"https:\/\/www.miguelfaccio.com.br\/blog\/index.php\/wp-json\/wp\/v2\/posts\/19615\/revisions\/19616"}],"wp:attachment":[{"href":"https:\/\/www.miguelfaccio.com.br\/blog\/index.php\/wp-json\/wp\/v2\/media?parent=19615"}],"wp:term":[{"taxonomy":"category","embeddable":true,"href":"https:\/\/www.miguelfaccio.com.br\/blog\/index.php\/wp-json\/wp\/v2\/categories?post=19615"},{"taxonomy":"post_tag","embeddable":true,"href":"https:\/\/www.miguelfaccio.com.br\/blog\/index.php\/wp-json\/wp\/v2\/tags?post=19615"}],"curies":[{"name":"wp","href":"https:\/\/api.w.org\/{rel}","templated":true}]}}