{"id":19612,"date":"2025-07-12T09:36:13","date_gmt":"2025-07-12T12:36:13","guid":{"rendered":"https:\/\/www.miguelfaccio.com.br\/blog\/?p=19612"},"modified":"2025-07-12T09:36:18","modified_gmt":"2025-07-12T12:36:18","slug":"rcd4103-raios-ou-chamas","status":"publish","type":"post","link":"https:\/\/www.miguelfaccio.com.br\/blog\/index.php\/rcd4103-raios-ou-chamas\/","title":{"rendered":"RCD4103 Raios ou Chamas"},"content":{"rendered":"\n<p class=\"has-text-align-right\"><strong>Thymus \u2013 O Coletivo de Mestres Ascensionados <br>Canalizado por Daniel Scranton<\/strong><\/p>\n\n\n\n<p>A JORNADA QUE VOC\u00caS EST\u00c3O<\/p>\n\n\n\n<p>PRESTES A FAZER NO PLANETA TERRA<\/p>\n\n\n\n<p>04 de julho de 2025<\/p>\n\n\n\n<p>N\u00f3s Somos Thymus.<\/p>\n\n\n\n<p>Somos O Coletivo de Mestres Ascensionados.<\/p>\n\n\n\n<p>Voc\u00eas est\u00e3o prestes a passar por uma jornada e tanto no planeta Terra por causa do que planejaram para si mesmos antes de nascerem nesses seus lindos corpos.<\/p>\n\n\n\n<p>Voc\u00eas sabiam que queriam ter uma experi\u00eancia de expans\u00e3o e crescimento como uma montanha-russa, e sabiam que despertariam nesta vida. Voc\u00eas tamb\u00e9m sabiam que haveria grandes mudan\u00e7as que vivenciariam e \u00e0s quais se adaptariam, mas n\u00e3o sabiam exatamente como fariam tudo isso.<\/p>\n\n\n\n<p>Voc\u00eas n\u00e3o sabiam como usariam seu livre-arb\u00edtrio para fazer escolhas e como eventualmente se expressariam como os belos seres de amor e luz que s\u00e3o.<\/p>\n\n\n\n<p>Voc\u00eas t\u00eam muitas oportunidades em suas vidas para demonstrar, empiricamente, quem e o que s\u00e3o. N\u00e3o se trata de provar isso a ningu\u00e9m. Trata-se de vivenciar isso em carne e osso, e todos os outros est\u00e3o lhes dando a oportunidade de fazer exatamente isso.<\/p>\n\n\n\n<p>Eles est\u00e3o desempenhando seus pap\u00e9is para que voc\u00eas se conhe\u00e7am como Seres da Energia Fonte em carne e osso. Portanto, voc\u00eas n\u00e3o se re\u00fanem como almas antes da encarna\u00e7\u00e3o e dizem uns aos outros: \u201cVamos facilitar as coisas para n\u00f3s\u201d.<\/p>\n\n\n\n<p>Voc\u00eas sabem que outras pessoas est\u00e3o em suas vidas para provoc\u00e1-los e oferecer oportunidades de perdo\u00e1-los. Voc\u00eas sabem que, em alguns casos, precisam abrir espa\u00e7o para algu\u00e9m que, no momento, n\u00e3o \u00e9 capaz de se ver como realmente \u00e9.<\/p>\n\n\n\n<p>Voc\u00eas sabem que t\u00eam a oportunidade de ver algu\u00e9m como capaz de se curar, mesmo que essa pessoa n\u00e3o acredite mais que possa superar uma doen\u00e7a f\u00edsica.<\/p>\n\n\n\n<p>Voc\u00ea sabe que tem a capacidade de fazer todas essas coisas e muito mais, e sabe que \u00e9 fazendo essas escolhas que voc\u00ea se conhece como realmente \u00e9. Voc\u00ea ent\u00e3o consegue ver as mudan\u00e7as que ocorrem no mundo exterior. Voc\u00ea consegue ver as mudan\u00e7as em seus sistemas de governo, educa\u00e7\u00e3o, sa\u00fade e finan\u00e7as.<\/p>\n\n\n\n<p>Voc\u00ea consegue ver outras pessoas acordando, tratando umas \u00e0s outras com mais gentileza e respeito, e consegue vivenciar a criatividade e a express\u00e3o de luz que os outros demonstram, porque voc\u00ea decide que quer viver em um universo onde todos t\u00eam a oportunidade de fazer isso e fazem aquilo.<\/p>\n\n\n\n<p>E ent\u00e3o, tudo come\u00e7a com voc\u00ea e sua escolha de usar seu livre-arb\u00edtrio para expressar a luz que voc\u00ea \u00e9. Lembre-se de que voc\u00ea est\u00e1 l\u00e1 para descobrir o quanto mais de voc\u00ea existe a olho nu e, portanto, n\u00e3o adianta ficar preso \u00e0 forma como voc\u00ea se apresenta ao resto do mundo, como o resto do mundo o percebe, o que os outros pensam e dizem sobre voc\u00ea.<\/p>\n\n\n\n<p>Voc\u00ea pode parecer bastante esquisito, bastante bizarro e at\u00e9 um pouco louco para as outras pessoas ao seu redor, mas isso ser\u00e1 porque voc\u00ea est\u00e1 fazendo algo que elas ainda n\u00e3o descobriram como fazer.<\/p>\n\n\n\n<p>Ao se interiorizar, canalizar, meditar, conectar-se com ETs, voc\u00ea est\u00e1 fazendo coisas que outras pessoas talvez nem queiram fazer, mas voc\u00ea precisa faz\u00ea-las porque elas representam mais da verdade de quem voc\u00ea realmente \u00e9 como um ser infinito e em constante expans\u00e3o.<\/p>\n\n\n\n<p>Voc\u00ea \u00e9 o agente da mudan\u00e7a e est\u00e1 a\u00ed para vivenciar as mudan\u00e7as, para que possa ver esses reflexos e para que possa saber que, de fato, criou a nova Terra, a Terra que \u00e9 a sua Terra, que \u00e9 a sua experi\u00eancia do seu belo planeta.<\/p>\n\n\n\n<p>Lembre-se de que o primeiro contato com os ets ser\u00e1 apenas o come\u00e7o e que haver\u00e1 muito mais para explorar e descobrir quando voc\u00ea se tornar parte de uma comunidade gal\u00e1ctica que inclui tantos outros seres e outras perspectivas na gal\u00e1xia e no universo. Estes s\u00e3o tempos realmente emocionantes.<\/p>\n\n\n\n<p>\u00c9 s\u00f3 por enquanto.<\/p>\n\n\n\n<p>N\u00f3s Somos Thymus.<\/p>\n\n\n\n<p>~ Somos O Coletivo de Mestres Ascensionados e estamos sempre entre voc\u00eas<\/p>\n\n\n\n<p>Formata\u00e7\u00e3o e tradu\u00e7\u00e3o \u2013 Blog De Cora\u00e7\u00e3o a Cora\u00e7\u00e3o<\/p>\n\n\n\n<figure class=\"wp-block-embed\"><div class=\"wp-block-embed__wrapper\">\nhttp:\/\/www.decoracaoacoracao.blog.br\/\n<\/div><\/figure>\n\n\n\n<figure class=\"wp-block-embed\"><div class=\"wp-block-embed__wrapper\">\nhttp:\/\/stelalecocq.blogspot.com\n<\/div><\/figure>\n\n\n\n<figure class=\"wp-block-embed\"><div class=\"wp-block-embed__wrapper\">\nhttps:\/\/lecocq.wordpress.com\n<\/div><\/figure>\n\n\n\n<p>Instagram \u2013 @blogdecoracaoacoracao<\/p>\n\n\n\n<p>Informa\u00e7\u00f5es e Agendamentos para Mesa Qu\u00e2ntica Estelar, Mesa Pet, Mesa Qu\u00e2ntica 2.0, Florais de Bach, Sistema Regenerador Ashtariano, Sistema Arcturiano de Cura Multidimensional \u2013 lecocqmuller@gmail.com<\/p>\n\n\n\n<p>E-book \u201cMensagens dos Mestres \u2013 De Cora\u00e7\u00e3o a Cora\u00e7\u00e3o\u201d \u2013 https:\/\/mensagensdosmestres.blogspot.com\/<\/p>\n\n\n\n<figure class=\"wp-block-embed\"><div class=\"wp-block-embed__wrapper\">\nhttps:\/\/danielscranton.com\/\n<\/div><\/figure>\n\n\n\n<p>Respeite todos os cr\u00e9ditos ao compartilhar<\/p>\n\n\n\n<p>LUZ!<\/p>\n","protected":false},"excerpt":{"rendered":"<p>Thymus \u2013 O Coletivo de Mestres Ascensionados Canalizado por Daniel Scranton A JORNADA QUE VOC\u00caS EST\u00c3O PRESTES A FAZER NO PLANETA TERRA 04 de julho de 2025 N\u00f3s Somos Thymus. Somos O Coletivo de Mestres Ascensionados. Voc\u00eas est\u00e3o prestes a passar por uma jornada e tanto no planeta Terra por causa do que planejaram para [&hellip;]<\/p>\n","protected":false},"author":1,"featured_media":0,"comment_status":"open","ping_status":"open","sticky":false,"template":"","format":"standard","meta":{"_mi_skip_tracking":false},"categories":[3],"tags":[],"_links":{"self":[{"href":"https:\/\/www.miguelfaccio.com.br\/blog\/index.php\/wp-json\/wp\/v2\/posts\/19612"}],"collection":[{"href":"https:\/\/www.miguelfaccio.com.br\/blog\/index.php\/wp-json\/wp\/v2\/posts"}],"about":[{"href":"https:\/\/www.miguelfaccio.com.br\/blog\/index.php\/wp-json\/wp\/v2\/types\/post"}],"author":[{"embeddable":true,"href":"https:\/\/www.miguelfaccio.com.br\/blog\/index.php\/wp-json\/wp\/v2\/users\/1"}],"replies":[{"embeddable":true,"href":"https:\/\/www.miguelfaccio.com.br\/blog\/index.php\/wp-json\/wp\/v2\/comments?post=19612"}],"version-history":[{"count":1,"href":"https:\/\/www.miguelfaccio.com.br\/blog\/index.php\/wp-json\/wp\/v2\/posts\/19612\/revisions"}],"predecessor-version":[{"id":19613,"href":"https:\/\/www.miguelfaccio.com.br\/blog\/index.php\/wp-json\/wp\/v2\/posts\/19612\/revisions\/19613"}],"wp:attachment":[{"href":"https:\/\/www.miguelfaccio.com.br\/blog\/index.php\/wp-json\/wp\/v2\/media?parent=19612"}],"wp:term":[{"taxonomy":"category","embeddable":true,"href":"https:\/\/www.miguelfaccio.com.br\/blog\/index.php\/wp-json\/wp\/v2\/categories?post=19612"},{"taxonomy":"post_tag","embeddable":true,"href":"https:\/\/www.miguelfaccio.com.br\/blog\/index.php\/wp-json\/wp\/v2\/tags?post=19612"}],"curies":[{"name":"wp","href":"https:\/\/api.w.org\/{rel}","templated":true}]}}