{"id":19610,"date":"2025-07-12T09:33:12","date_gmt":"2025-07-12T12:33:12","guid":{"rendered":"https:\/\/www.miguelfaccio.com.br\/blog\/?p=19610"},"modified":"2025-07-12T09:33:14","modified_gmt":"2025-07-12T12:33:14","slug":"plv4156-livro-28-diario-02-02-2023","status":"publish","type":"post","link":"https:\/\/www.miguelfaccio.com.br\/blog\/index.php\/plv4156-livro-28-diario-02-02-2023\/","title":{"rendered":"PLV4156 \u2013 Livro 28 \u2013 Di\u00e1rio, 02\/02\/2023"},"content":{"rendered":"\n<p class=\"has-text-align-right\"><strong>02\/02\/2023<\/strong><\/p>\n\n\n\n<p>A vida que levamos aqui no planeta \u00e9 uma fra\u00e7\u00e3o m\u00ednima de nossa vida em esp\u00edrito. A vida em esp\u00edrito, n\u00e3o conhecemos seu in\u00edcio, quando fomos individualizados de uma part\u00edcula do Deus Uno Pai\/M\u00e3e. Todos tivemos o mesmo in\u00edcio, a simplicidade e a ignor\u00e2ncia, iniciamos nossa caminhada na primeira dimens\u00e3o e aos poucos fomos evoluindo, alcan\u00e7amos a segunda e a terceira dimens\u00e3o, onde, a partir da\u00ed come\u00e7amos a agir como deuses, criando tudo que nos diz respeito. Na ignor\u00e2ncia desse poder, que podemos at\u00e9 classificar como o maior poder do universo, criamos contrariamente \u00e0 grande lei e, isso tudo que criamos \u00e9 de responsabilidade do criador. Assim come\u00e7a nosso criar e ressarcir, bem como o criar e evoluir. Jesus deixou dito atrav\u00e9s de Jo\u00e3o 10:34 \u201c<em>V\u00f3s sois Deuses<\/em>\u201d. Jesus conhecia todos os meandros do universo, porque, o esp\u00edrito ap\u00f3s um certo grau evolutivo, torna-se uno, n\u00e3o s\u00f3 como Pai, mas com todas aquelas individualidades que alcan\u00e7aram o limite chamado ascens\u00e3o, que tenham deixado os limites da mat\u00e9ria para integrarem-se no universo do esp\u00edrito. Assim, todos estar\u00e3o unos como Deus Uno Pai\/M\u00e3e, em pensamento, em palavras e em obras. Por isso, seus pensamentos se tornam realidade. Por isso o universo se comunga com esses pensamentos, fazendo brotar, ou melhor, precipitar o desejo expresso pelos seus pensamentos.<\/p>\n","protected":false},"excerpt":{"rendered":"<p>02\/02\/2023 A vida que levamos aqui no planeta \u00e9 uma fra\u00e7\u00e3o m\u00ednima de nossa vida em esp\u00edrito. A vida em esp\u00edrito, n\u00e3o conhecemos seu in\u00edcio, quando fomos individualizados de uma part\u00edcula do Deus Uno Pai\/M\u00e3e. Todos tivemos o mesmo in\u00edcio, a simplicidade e a ignor\u00e2ncia, iniciamos nossa caminhada na primeira dimens\u00e3o e aos poucos fomos [&hellip;]<\/p>\n","protected":false},"author":1,"featured_media":0,"comment_status":"open","ping_status":"open","sticky":false,"template":"","format":"standard","meta":{"_mi_skip_tracking":false},"categories":[34],"tags":[],"_links":{"self":[{"href":"https:\/\/www.miguelfaccio.com.br\/blog\/index.php\/wp-json\/wp\/v2\/posts\/19610"}],"collection":[{"href":"https:\/\/www.miguelfaccio.com.br\/blog\/index.php\/wp-json\/wp\/v2\/posts"}],"about":[{"href":"https:\/\/www.miguelfaccio.com.br\/blog\/index.php\/wp-json\/wp\/v2\/types\/post"}],"author":[{"embeddable":true,"href":"https:\/\/www.miguelfaccio.com.br\/blog\/index.php\/wp-json\/wp\/v2\/users\/1"}],"replies":[{"embeddable":true,"href":"https:\/\/www.miguelfaccio.com.br\/blog\/index.php\/wp-json\/wp\/v2\/comments?post=19610"}],"version-history":[{"count":1,"href":"https:\/\/www.miguelfaccio.com.br\/blog\/index.php\/wp-json\/wp\/v2\/posts\/19610\/revisions"}],"predecessor-version":[{"id":19611,"href":"https:\/\/www.miguelfaccio.com.br\/blog\/index.php\/wp-json\/wp\/v2\/posts\/19610\/revisions\/19611"}],"wp:attachment":[{"href":"https:\/\/www.miguelfaccio.com.br\/blog\/index.php\/wp-json\/wp\/v2\/media?parent=19610"}],"wp:term":[{"taxonomy":"category","embeddable":true,"href":"https:\/\/www.miguelfaccio.com.br\/blog\/index.php\/wp-json\/wp\/v2\/categories?post=19610"},{"taxonomy":"post_tag","embeddable":true,"href":"https:\/\/www.miguelfaccio.com.br\/blog\/index.php\/wp-json\/wp\/v2\/tags?post=19610"}],"curies":[{"name":"wp","href":"https:\/\/api.w.org\/{rel}","templated":true}]}}