{"id":19606,"date":"2025-07-11T09:57:27","date_gmt":"2025-07-11T12:57:27","guid":{"rendered":"https:\/\/www.miguelfaccio.com.br\/blog\/?p=19606"},"modified":"2025-07-11T09:57:30","modified_gmt":"2025-07-11T12:57:30","slug":"plv4155-livro-28-diario-01-02-2023","status":"publish","type":"post","link":"https:\/\/www.miguelfaccio.com.br\/blog\/index.php\/plv4155-livro-28-diario-01-02-2023\/","title":{"rendered":"PLV4155 \u2013 Livro 28 \u2013 Di\u00e1rio, 01\/02\/2023"},"content":{"rendered":"\n<p class=\"has-text-align-right\"><strong>01\/02\/2023<\/strong><\/p>\n\n\n\n<p>O ser humano precisa de maiores limites no seu agir. A sociedade em si n\u00e3o apresenta muita condi\u00e7\u00e3o de ser um par\u00e2metro a todos os que a comp\u00f5em. Os comandantes da pr\u00f3pria sociedade, parece, s\u00e3o os primeiros a falcatruar contra a pr\u00f3pria sociedade. \u00c9 dif\u00edcil manter n\u00edveis de conduta compat\u00edveis a uma sociedade eficiente, quando seus pr\u00f3prios esteios est\u00e3o podres. A sociedade \u00e9 constitu\u00edda de individualidades que precisam agir individualmente ou em conjunto para engrandecer essa sociedade. Cada um \u00e9 respons\u00e1vel por mant\u00ea-la eficiente e evolu\u00edda rumo \u00e0 evolu\u00e7\u00e3o n\u00e3o s\u00f3 material, mas tamb\u00e9m, moral e especialmente espiritual. \u00c9 sempre dessa evolu\u00e7\u00e3o que uma sociedade ou civiliza\u00e7\u00e3o consegue alcan\u00e7ar a idade de ouro, per\u00edodo em que adquire os maiores avan\u00e7os na dualidade do ser, ou seja: material e espiritual, porque o indiv\u00edduo \u00e9 composto por essas duas partes, onde um ajuda o outro. O esp\u00edrito, \u00e9 a energia que d\u00e1 ao corpo, a mat\u00e9ria, tudo que ele apresenta. O corpo propriamente \u00e9 um espelho do esp\u00edrito. \u00c9 o intermedi\u00e1rio entre a energia e o mundo material. \u00c9 simplesmente um instrumento que o esp\u00edrito usa para poder experienciar o conhecimento. Tudo que ele adquirir, passar\u00e1 tamb\u00e9m para o corpo. \u00c9 atrav\u00e9s dessa experiencia\u00e7\u00e3o que h\u00e1 a evolu\u00e7\u00e3o da ess\u00eancia Divina que foi individualizada na plena simplicidade e ignor\u00e2ncia.<\/p>\n","protected":false},"excerpt":{"rendered":"<p>01\/02\/2023 O ser humano precisa de maiores limites no seu agir. A sociedade em si n\u00e3o apresenta muita condi\u00e7\u00e3o de ser um par\u00e2metro a todos os que a comp\u00f5em. Os comandantes da pr\u00f3pria sociedade, parece, s\u00e3o os primeiros a falcatruar contra a pr\u00f3pria sociedade. \u00c9 dif\u00edcil manter n\u00edveis de conduta compat\u00edveis a uma sociedade eficiente, [&hellip;]<\/p>\n","protected":false},"author":1,"featured_media":0,"comment_status":"open","ping_status":"open","sticky":false,"template":"","format":"standard","meta":{"_mi_skip_tracking":false},"categories":[34],"tags":[],"_links":{"self":[{"href":"https:\/\/www.miguelfaccio.com.br\/blog\/index.php\/wp-json\/wp\/v2\/posts\/19606"}],"collection":[{"href":"https:\/\/www.miguelfaccio.com.br\/blog\/index.php\/wp-json\/wp\/v2\/posts"}],"about":[{"href":"https:\/\/www.miguelfaccio.com.br\/blog\/index.php\/wp-json\/wp\/v2\/types\/post"}],"author":[{"embeddable":true,"href":"https:\/\/www.miguelfaccio.com.br\/blog\/index.php\/wp-json\/wp\/v2\/users\/1"}],"replies":[{"embeddable":true,"href":"https:\/\/www.miguelfaccio.com.br\/blog\/index.php\/wp-json\/wp\/v2\/comments?post=19606"}],"version-history":[{"count":1,"href":"https:\/\/www.miguelfaccio.com.br\/blog\/index.php\/wp-json\/wp\/v2\/posts\/19606\/revisions"}],"predecessor-version":[{"id":19607,"href":"https:\/\/www.miguelfaccio.com.br\/blog\/index.php\/wp-json\/wp\/v2\/posts\/19606\/revisions\/19607"}],"wp:attachment":[{"href":"https:\/\/www.miguelfaccio.com.br\/blog\/index.php\/wp-json\/wp\/v2\/media?parent=19606"}],"wp:term":[{"taxonomy":"category","embeddable":true,"href":"https:\/\/www.miguelfaccio.com.br\/blog\/index.php\/wp-json\/wp\/v2\/categories?post=19606"},{"taxonomy":"post_tag","embeddable":true,"href":"https:\/\/www.miguelfaccio.com.br\/blog\/index.php\/wp-json\/wp\/v2\/tags?post=19606"}],"curies":[{"name":"wp","href":"https:\/\/api.w.org\/{rel}","templated":true}]}}