{"id":19602,"date":"2025-07-10T09:58:00","date_gmt":"2025-07-10T12:58:00","guid":{"rendered":"https:\/\/www.miguelfaccio.com.br\/blog\/?p=19602"},"modified":"2025-07-10T09:58:05","modified_gmt":"2025-07-10T12:58:05","slug":"plv4154-livro-28-diario-31-01-2023","status":"publish","type":"post","link":"https:\/\/www.miguelfaccio.com.br\/blog\/index.php\/plv4154-livro-28-diario-31-01-2023\/","title":{"rendered":"PLV4154 \u2013 Livro 28 \u2013 Di\u00e1rio, 31\/01\/2023"},"content":{"rendered":"\n<p class=\"has-text-align-right\"><strong>31\/01\/2023<\/strong><\/p>\n\n\n\n<p>Como detentor do livre-arb\u00edtrio, o ser humano se torna respons\u00e1vel por tudo o que fizer, assim como, o que o evolui ou ter\u00e1 que ressarcir pelos seus feitos. Para muitos, essa responsabilidade est\u00e1 esquecida e esses seres humanos agem como se sua vontade fosse a \u00fanica com valor. Propriamente todos se comprometem com a parte menor do agregado humano. Agem como se s\u00f3 existisse a mat\u00e9ria. Apesar de que provas do contr\u00e1rio, hajam sem fim, para lhes mostrar a realidade dos seres, mas a \u00fanica coisa que vale \u00e9 aquilo que pensa e faz. O pensar dos outros n\u00e3o o convence. Esses amontoam para si mais tempo de supl\u00edcio do outro lado da mat\u00e9ria, onde a mat\u00e9ria que n\u00e3o existe mais, o atrai e escraviza at\u00e9 conseguir por sua pr\u00f3pria conta corrigir a estrada errada que transitou durante sua passagem pelo corpo f\u00edsico. Somente sair\u00e1 dessa enrascada, se por sua pr\u00f3pria vontade e escolha pedir socorro aos c\u00e9us, neste momento ter\u00e1 adquirido o aux\u00edlio dos socorristas do espa\u00e7o, que o ajudar\u00e3o e levar\u00e3o para local de socorro, onde ser\u00e1 atendido, mas isso n\u00e3o elimina seu carma por ter tanto se apegado \u00e0 mat\u00e9ria. Isso, s\u00e3o resgates que precisa fazer, e depois retornar \u00e0 mat\u00e9ria para testar suas resolu\u00e7\u00f5es tomadas para n\u00e3o mais se tornar um escravo da vontade, do desejo do corpo f\u00edsico, ter\u00e1 que demonstrar que o esp\u00edrito \u00e9 quem coordena e comanda a dualidade do ser.<\/p>\n","protected":false},"excerpt":{"rendered":"<p>31\/01\/2023 Como detentor do livre-arb\u00edtrio, o ser humano se torna respons\u00e1vel por tudo o que fizer, assim como, o que o evolui ou ter\u00e1 que ressarcir pelos seus feitos. Para muitos, essa responsabilidade est\u00e1 esquecida e esses seres humanos agem como se sua vontade fosse a \u00fanica com valor. Propriamente todos se comprometem com a [&hellip;]<\/p>\n","protected":false},"author":1,"featured_media":0,"comment_status":"open","ping_status":"open","sticky":false,"template":"","format":"standard","meta":{"_mi_skip_tracking":false},"categories":[34],"tags":[],"_links":{"self":[{"href":"https:\/\/www.miguelfaccio.com.br\/blog\/index.php\/wp-json\/wp\/v2\/posts\/19602"}],"collection":[{"href":"https:\/\/www.miguelfaccio.com.br\/blog\/index.php\/wp-json\/wp\/v2\/posts"}],"about":[{"href":"https:\/\/www.miguelfaccio.com.br\/blog\/index.php\/wp-json\/wp\/v2\/types\/post"}],"author":[{"embeddable":true,"href":"https:\/\/www.miguelfaccio.com.br\/blog\/index.php\/wp-json\/wp\/v2\/users\/1"}],"replies":[{"embeddable":true,"href":"https:\/\/www.miguelfaccio.com.br\/blog\/index.php\/wp-json\/wp\/v2\/comments?post=19602"}],"version-history":[{"count":1,"href":"https:\/\/www.miguelfaccio.com.br\/blog\/index.php\/wp-json\/wp\/v2\/posts\/19602\/revisions"}],"predecessor-version":[{"id":19603,"href":"https:\/\/www.miguelfaccio.com.br\/blog\/index.php\/wp-json\/wp\/v2\/posts\/19602\/revisions\/19603"}],"wp:attachment":[{"href":"https:\/\/www.miguelfaccio.com.br\/blog\/index.php\/wp-json\/wp\/v2\/media?parent=19602"}],"wp:term":[{"taxonomy":"category","embeddable":true,"href":"https:\/\/www.miguelfaccio.com.br\/blog\/index.php\/wp-json\/wp\/v2\/categories?post=19602"},{"taxonomy":"post_tag","embeddable":true,"href":"https:\/\/www.miguelfaccio.com.br\/blog\/index.php\/wp-json\/wp\/v2\/tags?post=19602"}],"curies":[{"name":"wp","href":"https:\/\/api.w.org\/{rel}","templated":true}]}}