{"id":19598,"date":"2025-07-09T08:47:25","date_gmt":"2025-07-09T11:47:25","guid":{"rendered":"https:\/\/www.miguelfaccio.com.br\/blog\/?p=19598"},"modified":"2025-07-09T08:47:27","modified_gmt":"2025-07-09T11:47:27","slug":"plv4153-livro-28-diario-30-01-2023","status":"publish","type":"post","link":"https:\/\/www.miguelfaccio.com.br\/blog\/index.php\/plv4153-livro-28-diario-30-01-2023\/","title":{"rendered":"PLV4153 \u2013 Livro 28 \u2013 Di\u00e1rio, 30\/01\/2023"},"content":{"rendered":"\n<p class=\"has-text-align-right\"><strong>30\/01\/2023<\/strong><\/p>\n\n\n\n<p>O caminho que todo esp\u00edrito precisa percorrer \u00e9 o mesmo. Sair da simplicidade e ignor\u00e2ncia e avan\u00e7ar nas sendas da evolu\u00e7\u00e3o espiritual. Desde o momento em que se torna uma individualidade consciente, come\u00e7a a criar tudo o que vai \u00e0 sua frente. \u00c9 a partir dali que come\u00e7a a ser respons\u00e1vel pelo que seu corpo, seu instrumento de experiencia\u00e7\u00e3o, criou. Ele tem o livre-arb\u00edtrio, que o faculta criar o que quiser, mas conforme as palavras de Jesus: \u201c<em>A semeadura \u00e9 livre, mas a colheita \u00e9 obrigat\u00f3ria<\/em>\u201d. Ter\u00e1 que absolutamente ressarcir, pagar, exorcizar tudo o que fez de acordo com a lei divina. Poucos seres humanos est\u00e3o realmente cientes do resultado de seus atos, ent\u00e3o se acham no direito de fazer tudo o que sua insanidade ditar. Esses, inclusive nem cr\u00ea em nenhuma continua\u00e7\u00e3o da vida, julgam que a morte ir\u00e1 simplesmente acabar com tudo. Certos desta insanidade, se acham no direito de fazer tudo o que sua cabe\u00e7a insana ditar. As pedras e espinhos que esses ir\u00e3o encontrar em seu caminho, ser\u00e3o imensos, n\u00e3o absolutamente nesta exist\u00eancia f\u00edsica, mas com certeza nas pr\u00f3ximas decidas de seu esp\u00edrito \u00e0 mat\u00e9ria. O primeiro passo para virada dessa insanidade que se fixou no consciente do ser humano, \u00e9 conscientizar-se que seu belo e atl\u00e9tico o corpo \u00e9 apenas um instrumento para atender as necessidades do esp\u00edrito, porque o corpo \u00e9 apenas um amontoado de \u00e1tomos que s\u00e3o mantidos pelo esp\u00edrito que lhe faculta todas as atribui\u00e7\u00f5es que possui.<\/p>\n","protected":false},"excerpt":{"rendered":"<p>30\/01\/2023 O caminho que todo esp\u00edrito precisa percorrer \u00e9 o mesmo. Sair da simplicidade e ignor\u00e2ncia e avan\u00e7ar nas sendas da evolu\u00e7\u00e3o espiritual. Desde o momento em que se torna uma individualidade consciente, come\u00e7a a criar tudo o que vai \u00e0 sua frente. \u00c9 a partir dali que come\u00e7a a ser respons\u00e1vel pelo que seu [&hellip;]<\/p>\n","protected":false},"author":1,"featured_media":0,"comment_status":"open","ping_status":"open","sticky":false,"template":"","format":"standard","meta":{"_mi_skip_tracking":false},"categories":[34],"tags":[],"_links":{"self":[{"href":"https:\/\/www.miguelfaccio.com.br\/blog\/index.php\/wp-json\/wp\/v2\/posts\/19598"}],"collection":[{"href":"https:\/\/www.miguelfaccio.com.br\/blog\/index.php\/wp-json\/wp\/v2\/posts"}],"about":[{"href":"https:\/\/www.miguelfaccio.com.br\/blog\/index.php\/wp-json\/wp\/v2\/types\/post"}],"author":[{"embeddable":true,"href":"https:\/\/www.miguelfaccio.com.br\/blog\/index.php\/wp-json\/wp\/v2\/users\/1"}],"replies":[{"embeddable":true,"href":"https:\/\/www.miguelfaccio.com.br\/blog\/index.php\/wp-json\/wp\/v2\/comments?post=19598"}],"version-history":[{"count":1,"href":"https:\/\/www.miguelfaccio.com.br\/blog\/index.php\/wp-json\/wp\/v2\/posts\/19598\/revisions"}],"predecessor-version":[{"id":19599,"href":"https:\/\/www.miguelfaccio.com.br\/blog\/index.php\/wp-json\/wp\/v2\/posts\/19598\/revisions\/19599"}],"wp:attachment":[{"href":"https:\/\/www.miguelfaccio.com.br\/blog\/index.php\/wp-json\/wp\/v2\/media?parent=19598"}],"wp:term":[{"taxonomy":"category","embeddable":true,"href":"https:\/\/www.miguelfaccio.com.br\/blog\/index.php\/wp-json\/wp\/v2\/categories?post=19598"},{"taxonomy":"post_tag","embeddable":true,"href":"https:\/\/www.miguelfaccio.com.br\/blog\/index.php\/wp-json\/wp\/v2\/tags?post=19598"}],"curies":[{"name":"wp","href":"https:\/\/api.w.org\/{rel}","templated":true}]}}