{"id":19596,"date":"2025-07-08T09:44:44","date_gmt":"2025-07-08T12:44:44","guid":{"rendered":"https:\/\/www.miguelfaccio.com.br\/blog\/?p=19596"},"modified":"2025-07-08T09:44:47","modified_gmt":"2025-07-08T12:44:47","slug":"rcd4099-raios-ou-chamas","status":"publish","type":"post","link":"https:\/\/www.miguelfaccio.com.br\/blog\/index.php\/rcd4099-raios-ou-chamas\/","title":{"rendered":"RCD4099 Raios ou Chamas"},"content":{"rendered":"\n<p class=\"has-text-align-right\"><strong>Yeshua <br>Atrav\u00e9s de Victoria Cochrane<\/strong><\/p>\n\n\n\n<p>A HIST\u00d3RIA DA SUA VIDA<\/p>\n\n\n\n<p>continua\u00e7\u00e3o<\/p>\n\n\n\n<p>Evitem ficar presos na hist\u00f3ria, queridos cora\u00e7\u00f5es, pois isso pode mant\u00ea-los presos em uma li\u00e7\u00e3o que j\u00e1 aprenderam e iniciar um novo e desnecess\u00e1rio ciclo de dificuldades.<\/p>\n\n\n\n<p>Mesmo que voc\u00eas precisem cortar suas perdas para seguir em frente, n\u00e3o seria melhor fazer isso para que possam mudar de dire\u00e7\u00e3o e foco, come\u00e7ando o pr\u00f3ximo cap\u00edtulo com positividade e o benef\u00edcio da retrospectiva?<\/p>\n\n\n\n<p>O crescimento pessoal e espiritual se constr\u00f3i com base na experi\u00eancia, mas tamb\u00e9m depende do aprendizado. Se voc\u00ea cometeu um erro e aprendeu com ele, sua jornada cont\u00ednua ser\u00e1 pavimentada com uma compreens\u00e3o mais profunda de como seus processos de pensamento e tomada de decis\u00f5es criam oportunidades e consequ\u00eancias em sua vida.<\/p>\n\n\n\n<p>N\u00e3o existe escolha sem consequ\u00eancia, mas assumir a responsabilidade pelos pr\u00f3prios atos exige coragem. Se voc\u00ea est\u00e1 enfrentando dificuldades, mas culpando os outros, ainda pode ter li\u00e7\u00f5es a aprender!<\/p>\n\n\n\n<p>A vida \u00e9 como uma pe\u00e7a de teatro \u2013 todos os personagens t\u00eam li\u00e7\u00f5es a aprender e precisam desempenhar seu papel para aprend\u00ea-las.<\/p>\n\n\n\n<p>Eles podem se ajudar mutuamente, mas muitas vezes suas jornadas s\u00e3o completamente diferentes ou desalinhadas, resultando em discuss\u00f5es e conflitos, mal-entendidos, julgamentos injustos e desconex\u00e3o. A \u00fanica solu\u00e7\u00e3o \u00e9 cada ator se manter fiel ao seu pr\u00f3prio roteiro e permitir que os outros fa\u00e7am o mesmo.<\/p>\n\n\n\n<p>Voc\u00ea s\u00f3 vive uma vez nesta vida! Defina seu pr\u00f3prio rumo e assuma o controle da sua jornada. Assuma a responsabilidade por suas decis\u00f5es e a\u00e7\u00f5es e permita-se aprender.<\/p>\n\n\n\n<p>Quando a cortina se abrir e voc\u00ea fizer sua rever\u00eancia final, certifique-se de poder olhar para tr\u00e1s, para a hist\u00f3ria da sua vida, com orgulho e a certeza de que fez o melhor que p\u00f4de com o roteiro que lhe foi dado e assumiu o controle dos momentos em que a vida saiu do roteiro.<\/p>\n\n\n\n<p>O \u00fanico que pode mudar o curso da sua vida para melhor \u00e9 voc\u00ea.<\/p>\n\n\n\n<p>Fa\u00e7a esta vida valer a pena.<\/p>\n\n\n\n<p>~ EU SOU Yeshua ben Yoseph, aquele que voc\u00eas conhecem como Jesus<\/p>\n\n\n\n<p>Formata\u00e7\u00e3o e tradu\u00e7\u00e3o \u2013 Blog De Cora\u00e7\u00e3o a Cora\u00e7\u00e3o<\/p>\n\n\n\n<figure class=\"wp-block-embed\"><div class=\"wp-block-embed__wrapper\">\nhttp:\/\/www.decoracaoacoracao.blog.br\/\n<\/div><\/figure>\n\n\n\n<figure class=\"wp-block-embed\"><div class=\"wp-block-embed__wrapper\">\nhttp:\/\/stelalecocq.blogspot.com\n<\/div><\/figure>\n\n\n\n<figure class=\"wp-block-embed\"><div class=\"wp-block-embed__wrapper\">\nhttps:\/\/lecocq.wordpress.com\n<\/div><\/figure>\n\n\n\n<p>Instagram \u2013 @blogdecoracaoacoracao<\/p>\n\n\n\n<p>Informa\u00e7\u00f5es e Agendamentos para Mesa Qu\u00e2ntica Estelar, Mesa Pet, Mesa Qu\u00e2ntica 2.0, Florais de Bach, Sistema Regenerador Ashtariano, Sistema Arcturiano de Cura Multidimensional \u2013 lecocqmuller@gmail.com<\/p>\n\n\n\n<p>E-book \u201cMensagens dos Mestres \u2013 De Cora\u00e7\u00e3o a Cora\u00e7\u00e3o\u201d \u2013 https:\/\/mensagensdosmestres.blogspot.com\/<\/p>\n\n\n\n<figure class=\"wp-block-embed\"><div class=\"wp-block-embed__wrapper\">\nhttps:\/\/victoriacochrane44.com\/2025\/07\/03\/the-story-of-your-life\/\n<\/div><\/figure>\n\n\n\n<p>Respeite todos os cr\u00e9ditos ao compartilhar<\/p>\n\n\n\n<p>LUZ!<\/p>\n\n\n\n<p>STELA<\/p>\n","protected":false},"excerpt":{"rendered":"<p>Yeshua Atrav\u00e9s de Victoria Cochrane A HIST\u00d3RIA DA SUA VIDA continua\u00e7\u00e3o Evitem ficar presos na hist\u00f3ria, queridos cora\u00e7\u00f5es, pois isso pode mant\u00ea-los presos em uma li\u00e7\u00e3o que j\u00e1 aprenderam e iniciar um novo e desnecess\u00e1rio ciclo de dificuldades. Mesmo que voc\u00eas precisem cortar suas perdas para seguir em frente, n\u00e3o seria melhor fazer isso para [&hellip;]<\/p>\n","protected":false},"author":1,"featured_media":0,"comment_status":"open","ping_status":"open","sticky":false,"template":"","format":"standard","meta":{"_mi_skip_tracking":false},"categories":[3],"tags":[],"_links":{"self":[{"href":"https:\/\/www.miguelfaccio.com.br\/blog\/index.php\/wp-json\/wp\/v2\/posts\/19596"}],"collection":[{"href":"https:\/\/www.miguelfaccio.com.br\/blog\/index.php\/wp-json\/wp\/v2\/posts"}],"about":[{"href":"https:\/\/www.miguelfaccio.com.br\/blog\/index.php\/wp-json\/wp\/v2\/types\/post"}],"author":[{"embeddable":true,"href":"https:\/\/www.miguelfaccio.com.br\/blog\/index.php\/wp-json\/wp\/v2\/users\/1"}],"replies":[{"embeddable":true,"href":"https:\/\/www.miguelfaccio.com.br\/blog\/index.php\/wp-json\/wp\/v2\/comments?post=19596"}],"version-history":[{"count":1,"href":"https:\/\/www.miguelfaccio.com.br\/blog\/index.php\/wp-json\/wp\/v2\/posts\/19596\/revisions"}],"predecessor-version":[{"id":19597,"href":"https:\/\/www.miguelfaccio.com.br\/blog\/index.php\/wp-json\/wp\/v2\/posts\/19596\/revisions\/19597"}],"wp:attachment":[{"href":"https:\/\/www.miguelfaccio.com.br\/blog\/index.php\/wp-json\/wp\/v2\/media?parent=19596"}],"wp:term":[{"taxonomy":"category","embeddable":true,"href":"https:\/\/www.miguelfaccio.com.br\/blog\/index.php\/wp-json\/wp\/v2\/categories?post=19596"},{"taxonomy":"post_tag","embeddable":true,"href":"https:\/\/www.miguelfaccio.com.br\/blog\/index.php\/wp-json\/wp\/v2\/tags?post=19596"}],"curies":[{"name":"wp","href":"https:\/\/api.w.org\/{rel}","templated":true}]}}