{"id":19594,"date":"2025-07-08T09:39:59","date_gmt":"2025-07-08T12:39:59","guid":{"rendered":"https:\/\/www.miguelfaccio.com.br\/blog\/?p=19594"},"modified":"2025-07-08T09:40:02","modified_gmt":"2025-07-08T12:40:02","slug":"plv4152-livro-28-diario-29-01-2023","status":"publish","type":"post","link":"https:\/\/www.miguelfaccio.com.br\/blog\/index.php\/plv4152-livro-28-diario-29-01-2023\/","title":{"rendered":"PLV4152 \u2013 Livro 28 \u2013 Di\u00e1rio, 29\/01\/2023"},"content":{"rendered":"\n<p class=\"has-text-align-right\"><strong>29\/01\/2023<\/strong><\/p>\n\n\n\n<p>Estamos j\u00e1 terminando o primeiro m\u00eas do ano de 2023. O governo federal ainda n\u00e3o completou um m\u00eas de governo, e o press\u00e1gio n\u00e3o \u00e9 nada bom e nem favor\u00e1vel ao povo brasileiro. Pelo que est\u00e1 se vendo, o povo brasileiro ter\u00e1 que, novamente, financiar pa\u00edses vizinhos e amigos dos governantes. At\u00e9 parece aquele velho ditado: \u201ctudo ser\u00e1 como antes, no quartel de Abrantes\u201d. A menos que, conforme muitas promessas dos seres das estrelas, haja uma interven\u00e7\u00e3o do plano maior, estabelecendo de forma definitiva a quinta dimens\u00e3o, n\u00e3o s\u00f3 na energia, mas tamb\u00e9m ao n\u00edvel de seres humanos e nas transforma\u00e7\u00f5es que est\u00e1 sendo planejada, n\u00e3o s\u00f3 na intercomunica\u00e7\u00e3o, mas tamb\u00e9m na parte econ\u00f4mica, desvinculando a interdepend\u00eancia de poucos e favor de muitos. At\u00e9 agora, muitos estavam financiando a avareza de poucos. H\u00e1 coisas que precisam de um longo tempo para amadurecer, como, tamb\u00e9m, h\u00e1 coisas cuja execu\u00e7\u00e3o \u00e9 urgente, para n\u00e3o dizer j\u00e1. Estamos vivendo um per\u00edodo de dicotomia, de certa forma, para mim, um per\u00edodo insano, onde o planeta j\u00e1 imerso na quinta dimens\u00e3o tenha que conviver com seres humanos que mais deveriam estar habitando em cavernas do que vivendo, mandando, roubando o que \u00e9 do povo, em uma sociedade classificada como civilizada.<\/p>\n","protected":false},"excerpt":{"rendered":"<p>29\/01\/2023 Estamos j\u00e1 terminando o primeiro m\u00eas do ano de 2023. O governo federal ainda n\u00e3o completou um m\u00eas de governo, e o press\u00e1gio n\u00e3o \u00e9 nada bom e nem favor\u00e1vel ao povo brasileiro. Pelo que est\u00e1 se vendo, o povo brasileiro ter\u00e1 que, novamente, financiar pa\u00edses vizinhos e amigos dos governantes. At\u00e9 parece aquele [&hellip;]<\/p>\n","protected":false},"author":1,"featured_media":0,"comment_status":"open","ping_status":"open","sticky":false,"template":"","format":"standard","meta":{"_mi_skip_tracking":false},"categories":[34],"tags":[],"_links":{"self":[{"href":"https:\/\/www.miguelfaccio.com.br\/blog\/index.php\/wp-json\/wp\/v2\/posts\/19594"}],"collection":[{"href":"https:\/\/www.miguelfaccio.com.br\/blog\/index.php\/wp-json\/wp\/v2\/posts"}],"about":[{"href":"https:\/\/www.miguelfaccio.com.br\/blog\/index.php\/wp-json\/wp\/v2\/types\/post"}],"author":[{"embeddable":true,"href":"https:\/\/www.miguelfaccio.com.br\/blog\/index.php\/wp-json\/wp\/v2\/users\/1"}],"replies":[{"embeddable":true,"href":"https:\/\/www.miguelfaccio.com.br\/blog\/index.php\/wp-json\/wp\/v2\/comments?post=19594"}],"version-history":[{"count":1,"href":"https:\/\/www.miguelfaccio.com.br\/blog\/index.php\/wp-json\/wp\/v2\/posts\/19594\/revisions"}],"predecessor-version":[{"id":19595,"href":"https:\/\/www.miguelfaccio.com.br\/blog\/index.php\/wp-json\/wp\/v2\/posts\/19594\/revisions\/19595"}],"wp:attachment":[{"href":"https:\/\/www.miguelfaccio.com.br\/blog\/index.php\/wp-json\/wp\/v2\/media?parent=19594"}],"wp:term":[{"taxonomy":"category","embeddable":true,"href":"https:\/\/www.miguelfaccio.com.br\/blog\/index.php\/wp-json\/wp\/v2\/categories?post=19594"},{"taxonomy":"post_tag","embeddable":true,"href":"https:\/\/www.miguelfaccio.com.br\/blog\/index.php\/wp-json\/wp\/v2\/tags?post=19594"}],"curies":[{"name":"wp","href":"https:\/\/api.w.org\/{rel}","templated":true}]}}