{"id":19590,"date":"2025-07-07T09:35:02","date_gmt":"2025-07-07T12:35:02","guid":{"rendered":"https:\/\/www.miguelfaccio.com.br\/blog\/?p=19590"},"modified":"2025-07-07T09:35:05","modified_gmt":"2025-07-07T12:35:05","slug":"plv4151-livro-28-diario-28-01-2023","status":"publish","type":"post","link":"https:\/\/www.miguelfaccio.com.br\/blog\/index.php\/plv4151-livro-28-diario-28-01-2023\/","title":{"rendered":"PLV4151 \u2013 Livro 28 \u2013 Di\u00e1rio, 28\/01\/2023"},"content":{"rendered":"\n<p class=\"has-text-align-right\"><strong>28\/01\/2023<\/strong><\/p>\n\n\n\n<p>De acordo com Jesus, precisamos: \u201cpedi e recebereis, buscai e achareis, batei e abrir-se-vos-\u00e1\u201d. \u00c9 a grande realidade mal-entendida pelos crist\u00e3os. Assim como aconteceu com Pedro pediu a Jesus: \u201c<em>por que tu ensinas por par\u00e1bolas<\/em>\u201d? Jesus respondendo diz: \u201c<em>porque n\u00e3o entenderiam<\/em>\u201d. O pior de tudo \u00e9 que at\u00e9 hoje, ainda n\u00e3o entendem. Jesus manda pedir. Aqui na par\u00e1bola de Jesus o que significa \u201cpedir\u201d. Pedir \u00e9 transformar em palavras o pensamento. O pensamento \u00e9 a base de tudo. Nunca esque\u00e7am que o pensamento se transforma em palavras e a palavra \u201cpedir\u201d est\u00e1 dizendo que o pensamento est\u00e1 gerando um ato e este ato, aquilo que se deseja, precisa ser expresso pelo pedir. Da mesma forma o \u201cbuscar\u201d \u00e9 correr atr\u00e1s daquele pensamento que foi criado e foi apresentado em forma de \u201cpedir\u201d ao Pai, o Deus Uno. N\u00e3o adianta nada eu pedir e depois ir sentar \u00e0 sombra tomando minha cervejinha. Quem busca age. Quem senta \u00e0 sombra esperando um anjo trazer-lhe numa bandeja a solu\u00e7\u00e3o de sua cria\u00e7\u00e3o, de seu pensamento que foi apresentado \u00e0 Deus. Ele precisa \u201cbater\u201d. Bater n\u00e3o \u00e9 ir l\u00e1 na porta de Deus \u00e9 toc, toc, toc, isso \u00e9 coisa de pregui\u00e7oso. \u201c|Bater\u201d \u00e9 repetir os passos anteriores, \u00e9 repetir o pedido, \u00e9 agir de acordo com aquilo que pediu. Quem vai se abrir n\u00e3o \u00e9 a porta de Deus, mas a porta do cora\u00e7\u00e3o que precisa vibrar e agir de acordo com o que foi pedido. Ent\u00e3o, com certeza, o ser estar\u00e1 preparado para receber. Esta \u00e9 a minha vis\u00e3o das palavras de Jesus.<\/p>\n","protected":false},"excerpt":{"rendered":"<p>28\/01\/2023 De acordo com Jesus, precisamos: \u201cpedi e recebereis, buscai e achareis, batei e abrir-se-vos-\u00e1\u201d. \u00c9 a grande realidade mal-entendida pelos crist\u00e3os. Assim como aconteceu com Pedro pediu a Jesus: \u201cpor que tu ensinas por par\u00e1bolas\u201d? Jesus respondendo diz: \u201cporque n\u00e3o entenderiam\u201d. O pior de tudo \u00e9 que at\u00e9 hoje, ainda n\u00e3o entendem. Jesus manda [&hellip;]<\/p>\n","protected":false},"author":1,"featured_media":0,"comment_status":"open","ping_status":"open","sticky":false,"template":"","format":"standard","meta":{"_mi_skip_tracking":false},"categories":[34],"tags":[],"_links":{"self":[{"href":"https:\/\/www.miguelfaccio.com.br\/blog\/index.php\/wp-json\/wp\/v2\/posts\/19590"}],"collection":[{"href":"https:\/\/www.miguelfaccio.com.br\/blog\/index.php\/wp-json\/wp\/v2\/posts"}],"about":[{"href":"https:\/\/www.miguelfaccio.com.br\/blog\/index.php\/wp-json\/wp\/v2\/types\/post"}],"author":[{"embeddable":true,"href":"https:\/\/www.miguelfaccio.com.br\/blog\/index.php\/wp-json\/wp\/v2\/users\/1"}],"replies":[{"embeddable":true,"href":"https:\/\/www.miguelfaccio.com.br\/blog\/index.php\/wp-json\/wp\/v2\/comments?post=19590"}],"version-history":[{"count":1,"href":"https:\/\/www.miguelfaccio.com.br\/blog\/index.php\/wp-json\/wp\/v2\/posts\/19590\/revisions"}],"predecessor-version":[{"id":19591,"href":"https:\/\/www.miguelfaccio.com.br\/blog\/index.php\/wp-json\/wp\/v2\/posts\/19590\/revisions\/19591"}],"wp:attachment":[{"href":"https:\/\/www.miguelfaccio.com.br\/blog\/index.php\/wp-json\/wp\/v2\/media?parent=19590"}],"wp:term":[{"taxonomy":"category","embeddable":true,"href":"https:\/\/www.miguelfaccio.com.br\/blog\/index.php\/wp-json\/wp\/v2\/categories?post=19590"},{"taxonomy":"post_tag","embeddable":true,"href":"https:\/\/www.miguelfaccio.com.br\/blog\/index.php\/wp-json\/wp\/v2\/tags?post=19590"}],"curies":[{"name":"wp","href":"https:\/\/api.w.org\/{rel}","templated":true}]}}