{"id":19588,"date":"2025-07-06T09:56:04","date_gmt":"2025-07-06T12:56:04","guid":{"rendered":"https:\/\/www.miguelfaccio.com.br\/blog\/?p=19588"},"modified":"2025-07-06T09:56:20","modified_gmt":"2025-07-06T12:56:20","slug":"rcd4097-raios-ou-chamas","status":"publish","type":"post","link":"https:\/\/www.miguelfaccio.com.br\/blog\/index.php\/rcd4097-raios-ou-chamas\/","title":{"rendered":"RCD4097 Raios ou Chamas"},"content":{"rendered":"\n<p class=\"has-text-align-right\"><strong>Saint Germain <br>Canalizado por Daniel Scranton<\/strong><\/p>\n\n\n\n<p>JUNTE-SE A SAINT GERMAIN NA CHAMA VIOLETA<\/p>\n\n\n\n<p>22 de junho de 2025<\/p>\n\n\n\n<p>Eu Sou Saint Germain, Guardi\u00e3o da Chama Violeta.<\/p>\n\n\n\n<p>Desejo transmitir a voc\u00eas a sabedoria que j\u00e1 existe dentro de voc\u00eas. Desejo lhes dar a d\u00e1diva do que voc\u00eas j\u00e1 s\u00e3o, do que voc\u00eas j\u00e1 t\u00eam. E assim, meu trabalho \u00e9 simples. \u00c9 f\u00e1cil. \u00c9 apontar para o que est\u00e1 dentro de cada um de voc\u00eas.<\/p>\n\n\n\n<p>Meu trabalho \u00e9 fazer com que removam o v\u00e9u, as vendas que est\u00e3o usando, e se permitam sentir quem voc\u00eas s\u00e3o, emanando de dentro de voc\u00eas. Ao enviarem sua luz a todos que entram em contato com voc\u00eas, voc\u00eas est\u00e3o prestando um grande servi\u00e7o.<\/p>\n\n\n\n<p>E ao se reconhecerem como os professores, os curadores, os sinalizadores do caminho, os canalizadores, os trabalhadores da luz que s\u00e3o, torna-se mais f\u00e1cil para os outros fazerem o mesmo.<\/p>\n\n\n\n<p>Voc\u00ea quer criar mais mestres em sua jornada para compartilhar a jornada com voc\u00ea. Voc\u00ea quer apontar para cada pessoa o que est\u00e1 dentro dela. Voc\u00ea quer despertar seus semelhantes, e eles despertam quando veem algu\u00e9m vivendo a verdade que eles querem viver, que est\u00e1 sendo a vers\u00e3o de si mesmos que eles querem ser.<\/p>\n\n\n\n<p>E ent\u00e3o eu digo a voc\u00ea: seja quem voc\u00ea \u00e9 com total abandono. Cante, dance, toque e mostre ao resto da humanidade a luz que est\u00e1 dentro de voc\u00ea.<\/p>\n\n\n\n<p>N\u00f3s, que viemos atrav\u00e9s de Daniel, estamos frequentemente dizendo a voc\u00eas para serem professores e l\u00edderes, e isso pode parecer muito assustador para voc\u00eas enquanto tentam descobrir o que podem fazer e o que t\u00eam a oferecer.<\/p>\n\n\n\n<p>E, portanto, estou modificando essa mensagem agora e dizendo para voc\u00eas simplesmente serem voc\u00eas mesmos e permitirem que o verdadeiro eu brilhe. E voc\u00eas estar\u00e3o mostrando o caminho. Voc\u00eas estar\u00e3o ensinando e liderando atrav\u00e9s do seu exemplo.<\/p>\n\n\n\n<p>Quando voc\u00eas demonstram disposi\u00e7\u00e3o para liberar o amor que est\u00e1 dentro de voc\u00eas, voc\u00eas acendem a chama dentro de cada pessoa que encontram, e \u00e0s vezes fazem isso por pessoas que est\u00e3o apenas observando voc\u00eas de longe.<\/p>\n\n\n\n<p>Portanto, eu lhe digo: n\u00e3o tenha medo de ser voc\u00ea mesmo e de estar em alegria. N\u00e3o tenha medo de amar s\u00f3 porque algu\u00e9m pode n\u00e3o am\u00e1-lo de volta. Ofere\u00e7a seu amor livremente, sem necessidade de reciprocidade, e voc\u00ea estar\u00e1, naquele momento, cumprindo sua miss\u00e3o, seu prop\u00f3sito de estar ali.<\/p>\n\n\n\n<p>\u00c9 t\u00e3o simples e t\u00e3o f\u00e1cil, e voc\u00ea n\u00e3o precisa complicar com regras, com obriga\u00e7\u00f5es. Voc\u00ea simplesmente se alinha consigo mesmo e d\u00e1 aos outros permiss\u00e3o para fazerem o mesmo. E todas as pe\u00e7as do quebra-cabe\u00e7a se encaixar\u00e3o na Terra, de modo que todas as partes m\u00f3veis estejam harmoniosamente sincronizadas em uma \u00fanica nota cantada.<\/p>\n\n\n\n<p>N\u00f3s, que existimos nos reinos superiores, temos muito orgulho de voc\u00ea por estar na jornada em que est\u00e1, e eu o convido a se juntar a Mim na Chama Violeta sempre que se sentir sobrecarregado, perdido, com medo e sem orienta\u00e7\u00e3o. Estou sempre aqui para voc\u00ea.<\/p>\n\n\n\n<p>~ Eu Sou Saint Germain, Guardi\u00e3o da Chama Violeta<\/p>\n\n\n\n<p>Formata\u00e7\u00e3o e tradu\u00e7\u00e3o \u2013 Blog De Cora\u00e7\u00e3o a Cora\u00e7\u00e3o<\/p>\n\n\n\n<figure class=\"wp-block-embed\"><div class=\"wp-block-embed__wrapper\">\nhttp:\/\/www.decoracaoacoracao.blog.br\/\n<\/div><\/figure>\n\n\n\n<figure class=\"wp-block-embed\"><div class=\"wp-block-embed__wrapper\">\nhttp:\/\/stelalecocq.blogspot.com\n<\/div><\/figure>\n\n\n\n<figure class=\"wp-block-embed\"><div class=\"wp-block-embed__wrapper\">\nhttps:\/\/lecocq.wordpress.com\n<\/div><\/figure>\n\n\n\n<p>Instagram \u2013 @blogdecoracaoacoracao<\/p>\n\n\n\n<p>Informa\u00e7\u00f5es e Agendamentos para Mesa Qu\u00e2ntica Estelar, Mesa Pet, Mesa Qu\u00e2ntica 2.0, Florais de Bach, Sistema Regenerador Ashtariano, Sistema Arcturiano de Cura Multidimensional \u2013 lecocqmuller@gmail.com<\/p>\n\n\n\n<p>E-book \u201cMensagens dos Mestres \u2013 De Cora\u00e7\u00e3o a Cora\u00e7\u00e3o\u201d \u2013 https:\/\/mensagensdosmestres.blogspot.com\/<\/p>\n\n\n\n<figure class=\"wp-block-embed\"><div class=\"wp-block-embed__wrapper\">\nhttps:\/\/danielscranton.com\/\n<\/div><\/figure>\n\n\n\n<p>Respeite todos os cr\u00e9ditos ao compartilhar<\/p>\n\n\n\n<p>LUZ!<\/p>\n\n\n\n<p>STELA<\/p>\n","protected":false},"excerpt":{"rendered":"<p>Saint Germain Canalizado por Daniel Scranton JUNTE-SE A SAINT GERMAIN NA CHAMA VIOLETA 22 de junho de 2025 Eu Sou Saint Germain, Guardi\u00e3o da Chama Violeta. Desejo transmitir a voc\u00eas a sabedoria que j\u00e1 existe dentro de voc\u00eas. Desejo lhes dar a d\u00e1diva do que voc\u00eas j\u00e1 s\u00e3o, do que voc\u00eas j\u00e1 t\u00eam. E assim, [&hellip;]<\/p>\n","protected":false},"author":1,"featured_media":0,"comment_status":"open","ping_status":"open","sticky":false,"template":"","format":"standard","meta":{"_mi_skip_tracking":false},"categories":[3],"tags":[],"_links":{"self":[{"href":"https:\/\/www.miguelfaccio.com.br\/blog\/index.php\/wp-json\/wp\/v2\/posts\/19588"}],"collection":[{"href":"https:\/\/www.miguelfaccio.com.br\/blog\/index.php\/wp-json\/wp\/v2\/posts"}],"about":[{"href":"https:\/\/www.miguelfaccio.com.br\/blog\/index.php\/wp-json\/wp\/v2\/types\/post"}],"author":[{"embeddable":true,"href":"https:\/\/www.miguelfaccio.com.br\/blog\/index.php\/wp-json\/wp\/v2\/users\/1"}],"replies":[{"embeddable":true,"href":"https:\/\/www.miguelfaccio.com.br\/blog\/index.php\/wp-json\/wp\/v2\/comments?post=19588"}],"version-history":[{"count":1,"href":"https:\/\/www.miguelfaccio.com.br\/blog\/index.php\/wp-json\/wp\/v2\/posts\/19588\/revisions"}],"predecessor-version":[{"id":19589,"href":"https:\/\/www.miguelfaccio.com.br\/blog\/index.php\/wp-json\/wp\/v2\/posts\/19588\/revisions\/19589"}],"wp:attachment":[{"href":"https:\/\/www.miguelfaccio.com.br\/blog\/index.php\/wp-json\/wp\/v2\/media?parent=19588"}],"wp:term":[{"taxonomy":"category","embeddable":true,"href":"https:\/\/www.miguelfaccio.com.br\/blog\/index.php\/wp-json\/wp\/v2\/categories?post=19588"},{"taxonomy":"post_tag","embeddable":true,"href":"https:\/\/www.miguelfaccio.com.br\/blog\/index.php\/wp-json\/wp\/v2\/tags?post=19588"}],"curies":[{"name":"wp","href":"https:\/\/api.w.org\/{rel}","templated":true}]}}