{"id":19577,"date":"2025-07-04T09:20:58","date_gmt":"2025-07-04T12:20:58","guid":{"rendered":"https:\/\/www.miguelfaccio.com.br\/blog\/?p=19577"},"modified":"2025-07-04T09:21:00","modified_gmt":"2025-07-04T12:21:00","slug":"plv4148-livro-28-diario-25-01-2023","status":"publish","type":"post","link":"https:\/\/www.miguelfaccio.com.br\/blog\/index.php\/plv4148-livro-28-diario-25-01-2023\/","title":{"rendered":"PLV4148 \u2013 Livro 28 \u2013 Di\u00e1rio, 25\/01\/2023"},"content":{"rendered":"\n<p class=\"has-text-align-right\"><strong>25\/01\/2023<\/strong><\/p>\n\n\n\n<p>As dificuldades que se apresentam na vida, s\u00e3o dificuldades para serem superadas. Nada nos vem de gra\u00e7a, sem que tenhamos alguma parte a resgatar sobre elas. \u00c9 claro que quem procura evoluir, buscar conhecimentos, sempre aparecer\u00e3o situa\u00e7\u00f5es que at\u00e9 podem parecer dif\u00edceis, mas sempre s\u00e3o para proporcionar, especialmente ao corpo f\u00edsico, situa\u00e7\u00f5es novas, podendo at\u00e9 serem dif\u00edceis, mas s\u00e3o as melhores condi\u00e7\u00f5es de experiencia\u00e7\u00e3o e entendimento do novo conhecimento. As dificuldades s\u00e3o inerentes \u00e0 pr\u00f3pria vida. S\u00e3o elas que impulsionam o desenvolvimento tanto da mat\u00e9ria, como do esp\u00edrito. A mat\u00e9ria precisa da evolu\u00e7\u00e3o do esp\u00edrito para poder ser absorvido qualquer conhecimento. Nunca podemos esquecer que a mat\u00e9ria e a ess\u00eancia, ou o corpo e o esp\u00edrito formam uma unidade, que somente poder\u00e1 ser separada com a morte. Enquanto isso n\u00e3o acontecer continua sendo uma unidade, onde o corpo, poder-se-ia dizer \u00e9 a imagem num espelho, do pr\u00f3prio esp\u00edrito. Tudo que o corpo tem, apresenta, sabe, lhe \u00e9 passado pelo esp\u00edrito. Assim pode-se dizer que o corpo enfrenta as dificuldades que ele, ou os anteriores fizeram, mas que s\u00e3o resgates que o esp\u00edrito ter\u00e1 que fazer. Al\u00e9m das dificuldades individuais, h\u00e1 as coletivas, regionais ou mesmo nacionais. A vida \u00e9 uma soma de consequ\u00eancias.<\/p>\n","protected":false},"excerpt":{"rendered":"<p>25\/01\/2023 As dificuldades que se apresentam na vida, s\u00e3o dificuldades para serem superadas. Nada nos vem de gra\u00e7a, sem que tenhamos alguma parte a resgatar sobre elas. \u00c9 claro que quem procura evoluir, buscar conhecimentos, sempre aparecer\u00e3o situa\u00e7\u00f5es que at\u00e9 podem parecer dif\u00edceis, mas sempre s\u00e3o para proporcionar, especialmente ao corpo f\u00edsico, situa\u00e7\u00f5es novas, podendo [&hellip;]<\/p>\n","protected":false},"author":1,"featured_media":0,"comment_status":"open","ping_status":"open","sticky":false,"template":"","format":"standard","meta":{"_mi_skip_tracking":false},"categories":[34],"tags":[],"_links":{"self":[{"href":"https:\/\/www.miguelfaccio.com.br\/blog\/index.php\/wp-json\/wp\/v2\/posts\/19577"}],"collection":[{"href":"https:\/\/www.miguelfaccio.com.br\/blog\/index.php\/wp-json\/wp\/v2\/posts"}],"about":[{"href":"https:\/\/www.miguelfaccio.com.br\/blog\/index.php\/wp-json\/wp\/v2\/types\/post"}],"author":[{"embeddable":true,"href":"https:\/\/www.miguelfaccio.com.br\/blog\/index.php\/wp-json\/wp\/v2\/users\/1"}],"replies":[{"embeddable":true,"href":"https:\/\/www.miguelfaccio.com.br\/blog\/index.php\/wp-json\/wp\/v2\/comments?post=19577"}],"version-history":[{"count":1,"href":"https:\/\/www.miguelfaccio.com.br\/blog\/index.php\/wp-json\/wp\/v2\/posts\/19577\/revisions"}],"predecessor-version":[{"id":19578,"href":"https:\/\/www.miguelfaccio.com.br\/blog\/index.php\/wp-json\/wp\/v2\/posts\/19577\/revisions\/19578"}],"wp:attachment":[{"href":"https:\/\/www.miguelfaccio.com.br\/blog\/index.php\/wp-json\/wp\/v2\/media?parent=19577"}],"wp:term":[{"taxonomy":"category","embeddable":true,"href":"https:\/\/www.miguelfaccio.com.br\/blog\/index.php\/wp-json\/wp\/v2\/categories?post=19577"},{"taxonomy":"post_tag","embeddable":true,"href":"https:\/\/www.miguelfaccio.com.br\/blog\/index.php\/wp-json\/wp\/v2\/tags?post=19577"}],"curies":[{"name":"wp","href":"https:\/\/api.w.org\/{rel}","templated":true}]}}