{"id":19564,"date":"2025-07-01T09:02:14","date_gmt":"2025-07-01T12:02:14","guid":{"rendered":"https:\/\/www.miguelfaccio.com.br\/blog\/?p=19564"},"modified":"2025-07-01T09:02:16","modified_gmt":"2025-07-01T12:02:16","slug":"plv4145-livro-28-diario-22-01-2023","status":"publish","type":"post","link":"https:\/\/www.miguelfaccio.com.br\/blog\/index.php\/plv4145-livro-28-diario-22-01-2023\/","title":{"rendered":"PLV4145 \u2013 Livro 28 \u2013 Di\u00e1rio, 22\/01\/2023"},"content":{"rendered":"\n<p class=\"has-text-align-right\"><strong>22\/01\/2023<\/strong><\/p>\n\n\n\n<p>H\u00e1 a necessidade de o pr\u00f3prio ser humano conscientizar-se de que a morte n\u00e3o \u00e9 o fim de tudo. Depois que o corpo morre, o esp\u00edrito que se avenha com os problemas que o corpo lhe causou. A ignor\u00e2ncia desta sua realidade de ser um bin\u00f4mio, formado por dois princ\u00edpios diferentes, mas que em realidade s\u00e3o um s\u00f3, exemplificando: o corpo, a mat\u00e9ria, \u201c<strong>sou eu<\/strong>\u201d, o esp\u00edrito, a ess\u00eancia, tamb\u00e9m \u201c<strong>sou eu<\/strong>\u201d. Portanto, se eu estiver ferindo o corpo estarei ferindo o esp\u00edrito tamb\u00e9m. Seu ferir o esp\u00edrito, estarei ferindo o corpo, da mesma forma, pois s\u00e3o uma unidade formada de mat\u00e9ria e de ess\u00eancia, ou seja, corpo\/esp\u00edrito. De acordo com as palavras do Cristo, \u201c<em>a semeadura \u00e9 livre, mas a colheita \u00e9 obrigat\u00f3ria<\/em>\u201d. N\u00e3o importa o tempo que leve, pode levar at\u00e9 a v\u00e1rios mil\u00eanios. Tudo o que o corpo fizer que impacta em negatividade, seja por pensamentos, seja por palavras ou seja por obras, tudo, absolutamente tudo, ter\u00e1 que ser ressarcido, ter\u00e1 que ser colhido, de acordo com as palavras do Cristo. Quem ir\u00e1 colher ser\u00e1 o mesmo esp\u00edrito que est\u00e1 agora comandando o teu corpo, e teu corpo que faz as besteiras, atirou sobre as costas de teu esp\u00edrito, que ir\u00e1 colher quando encarnado em outro corpo. Para aqueles que dizem que a morte \u00e9 o fim, precisam reformular seus conhecimentos para entender que o corpo \u00e9 apenas um auxiliar do esp\u00edrito, o instrumento que \u00e9 direcionado pelo seu esp\u00edrito, mas na maioria das vezes n\u00e3o obedece, criando mais problemas para o esp\u00edrito resgatar futuramente.<\/p>\n","protected":false},"excerpt":{"rendered":"<p>22\/01\/2023 H\u00e1 a necessidade de o pr\u00f3prio ser humano conscientizar-se de que a morte n\u00e3o \u00e9 o fim de tudo. Depois que o corpo morre, o esp\u00edrito que se avenha com os problemas que o corpo lhe causou. A ignor\u00e2ncia desta sua realidade de ser um bin\u00f4mio, formado por dois princ\u00edpios diferentes, mas que em [&hellip;]<\/p>\n","protected":false},"author":1,"featured_media":0,"comment_status":"open","ping_status":"open","sticky":false,"template":"","format":"standard","meta":{"_mi_skip_tracking":false},"categories":[34],"tags":[],"_links":{"self":[{"href":"https:\/\/www.miguelfaccio.com.br\/blog\/index.php\/wp-json\/wp\/v2\/posts\/19564"}],"collection":[{"href":"https:\/\/www.miguelfaccio.com.br\/blog\/index.php\/wp-json\/wp\/v2\/posts"}],"about":[{"href":"https:\/\/www.miguelfaccio.com.br\/blog\/index.php\/wp-json\/wp\/v2\/types\/post"}],"author":[{"embeddable":true,"href":"https:\/\/www.miguelfaccio.com.br\/blog\/index.php\/wp-json\/wp\/v2\/users\/1"}],"replies":[{"embeddable":true,"href":"https:\/\/www.miguelfaccio.com.br\/blog\/index.php\/wp-json\/wp\/v2\/comments?post=19564"}],"version-history":[{"count":1,"href":"https:\/\/www.miguelfaccio.com.br\/blog\/index.php\/wp-json\/wp\/v2\/posts\/19564\/revisions"}],"predecessor-version":[{"id":19565,"href":"https:\/\/www.miguelfaccio.com.br\/blog\/index.php\/wp-json\/wp\/v2\/posts\/19564\/revisions\/19565"}],"wp:attachment":[{"href":"https:\/\/www.miguelfaccio.com.br\/blog\/index.php\/wp-json\/wp\/v2\/media?parent=19564"}],"wp:term":[{"taxonomy":"category","embeddable":true,"href":"https:\/\/www.miguelfaccio.com.br\/blog\/index.php\/wp-json\/wp\/v2\/categories?post=19564"},{"taxonomy":"post_tag","embeddable":true,"href":"https:\/\/www.miguelfaccio.com.br\/blog\/index.php\/wp-json\/wp\/v2\/tags?post=19564"}],"curies":[{"name":"wp","href":"https:\/\/api.w.org\/{rel}","templated":true}]}}