{"id":19556,"date":"2025-06-29T09:19:35","date_gmt":"2025-06-29T12:19:35","guid":{"rendered":"https:\/\/www.miguelfaccio.com.br\/blog\/?p=19556"},"modified":"2025-06-29T09:19:37","modified_gmt":"2025-06-29T12:19:37","slug":"plv4143-livro-28-diario-20-01-2023","status":"publish","type":"post","link":"https:\/\/www.miguelfaccio.com.br\/blog\/index.php\/plv4143-livro-28-diario-20-01-2023\/","title":{"rendered":"PLV4143 \u2013 Livro 28 \u2013 Di\u00e1rio, 20\/01\/2023"},"content":{"rendered":"\n<p class=\"has-text-align-right\"><strong>20\/01\/2023<\/strong><\/p>\n\n\n\n<p>\u00c9 preciso que haja esc\u00e2ndalos, mas ai daquele homem por quem o esc\u00e2ndalo vem, palavras de Jesus. \u00c9 uma coisa que muita gente nem est\u00e1 preocupada. O esc\u00e2ndalo, aqui, engloba tudo o que o ser humano faz, e ser de descaminho para si ou para outros. Parece que \u00e9 o que mais est\u00e1 acontecendo em nosso pa\u00eds. O descaminho j\u00e1 est\u00e1 arraigado na carne e no sangue de boa parte dos brasileiros. \u00c9 como dizem alguns: \u201cuma mentira repetida muitas vezes, passa a ser uma verdade\u201d. \u00c9 isso que est\u00e1 alimentando muita gente, que como se diz: \u201cs\u00e3o lobos vestidos de pele ovelhas\u201d. A verdade, a base de toda a evolu\u00e7\u00e3o, est\u00e1 sendo descurada de todas as maneiras. N\u00e3o sei onde isso nos levar\u00e1, qui\u00e7\u00e1, at\u00e9, tenhamos de passar um z\u00edper na boca e engaiolar nossos pensamentos que se expressam atrav\u00e9s da pena de uma caneta, e at\u00e9 adorarmos nosso Deus no sil\u00eancio e no escuro de nossos quartos. Como se diz por a\u00ed, o diabo fugiu da jaula. Estamos, aos poucos, retornando ao princ\u00edpio da era crist\u00e3, onde os \u00edmpios detinham o poder e os crist\u00e3os tinham que se reunir nas catacumbas. At\u00e9 quando poder\u00e1 ir esse retrocesso de civilidade, de bons princ\u00edpios, do caminho da evolu\u00e7\u00e3o do esp\u00edrito? Da forma como est\u00e1, nos levar\u00e1 novamente aos homens das cavernas. C\u00e1 em meu c\u00e9rebro, n\u00e3o consigo digerir: a Terra subindo para a quinta dimens\u00e3o e os seres humanos, em parte, retroagindo aos homens das cavernas. N\u00e3o falo aqui do dinheiro, mas dos princ\u00edpios que devem nortear todo o ser humano, para encaminh\u00e1-lo \u00e0 evolu\u00e7\u00e3o como mat\u00e9ria e como esp\u00edrito.<\/p>\n","protected":false},"excerpt":{"rendered":"<p>20\/01\/2023 \u00c9 preciso que haja esc\u00e2ndalos, mas ai daquele homem por quem o esc\u00e2ndalo vem, palavras de Jesus. \u00c9 uma coisa que muita gente nem est\u00e1 preocupada. O esc\u00e2ndalo, aqui, engloba tudo o que o ser humano faz, e ser de descaminho para si ou para outros. Parece que \u00e9 o que mais est\u00e1 acontecendo [&hellip;]<\/p>\n","protected":false},"author":1,"featured_media":0,"comment_status":"open","ping_status":"open","sticky":false,"template":"","format":"standard","meta":{"_mi_skip_tracking":false},"categories":[34],"tags":[],"_links":{"self":[{"href":"https:\/\/www.miguelfaccio.com.br\/blog\/index.php\/wp-json\/wp\/v2\/posts\/19556"}],"collection":[{"href":"https:\/\/www.miguelfaccio.com.br\/blog\/index.php\/wp-json\/wp\/v2\/posts"}],"about":[{"href":"https:\/\/www.miguelfaccio.com.br\/blog\/index.php\/wp-json\/wp\/v2\/types\/post"}],"author":[{"embeddable":true,"href":"https:\/\/www.miguelfaccio.com.br\/blog\/index.php\/wp-json\/wp\/v2\/users\/1"}],"replies":[{"embeddable":true,"href":"https:\/\/www.miguelfaccio.com.br\/blog\/index.php\/wp-json\/wp\/v2\/comments?post=19556"}],"version-history":[{"count":1,"href":"https:\/\/www.miguelfaccio.com.br\/blog\/index.php\/wp-json\/wp\/v2\/posts\/19556\/revisions"}],"predecessor-version":[{"id":19557,"href":"https:\/\/www.miguelfaccio.com.br\/blog\/index.php\/wp-json\/wp\/v2\/posts\/19556\/revisions\/19557"}],"wp:attachment":[{"href":"https:\/\/www.miguelfaccio.com.br\/blog\/index.php\/wp-json\/wp\/v2\/media?parent=19556"}],"wp:term":[{"taxonomy":"category","embeddable":true,"href":"https:\/\/www.miguelfaccio.com.br\/blog\/index.php\/wp-json\/wp\/v2\/categories?post=19556"},{"taxonomy":"post_tag","embeddable":true,"href":"https:\/\/www.miguelfaccio.com.br\/blog\/index.php\/wp-json\/wp\/v2\/tags?post=19556"}],"curies":[{"name":"wp","href":"https:\/\/api.w.org\/{rel}","templated":true}]}}