{"id":19554,"date":"2025-06-28T08:55:14","date_gmt":"2025-06-28T11:55:14","guid":{"rendered":"https:\/\/www.miguelfaccio.com.br\/blog\/?p=19554"},"modified":"2025-06-28T08:55:17","modified_gmt":"2025-06-28T11:55:17","slug":"rcd4089-raios-ou-chamas","status":"publish","type":"post","link":"https:\/\/www.miguelfaccio.com.br\/blog\/index.php\/rcd4089-raios-ou-chamas\/","title":{"rendered":"RCD4089 Raios ou Chamas"},"content":{"rendered":"\n<p class=\"has-text-align-right\"><strong>MENSAGEM DOS SERES ANG\u00c9LICOS<br>Canalizada por Ailia Mira<\/strong><\/p>\n\n\n\n<p>26 de Junho de 2025<\/p>\n\n\n\n<p>N\u00f3s os saudamos com amor. Estamos aqui agora, com energias muito diferentes presentes dentro de voc\u00eas e em seu mundo. Uma grande mudan\u00e7a aconteceu no Solst\u00edcio e, \u00e0 medida que as energias continuaram a fluir para o seu reino a partir da\u00ed e desde ent\u00e3o, esse aprofundamento e expans\u00e3o s\u00e3o ainda maiores do que antes.<\/p>\n\n\n\n<p>Voc\u00eas est\u00e3o vivendo em um tempo verdadeiramente din\u00e2mico, de possibilidades expansivas. Sim, voc\u00eas j\u00e1 ouviram esse tipo de mensagem antes, mas esta \u00e9 diferente.<\/p>\n\n\n\n<p>A pr\u00f3pria Terra est\u00e1 agora conectada multidimensionalmente com os campos gal\u00e1cticos e c\u00f3smicos de uma forma que a capacita a fluir, a partir do n\u00facleo do seu ser, energias contendo as codifica\u00e7\u00f5es que acionam a lembran\u00e7a e apoiam o ser multidimensional alinhado em um n\u00edvel mais elevado do que nunca.<\/p>\n\n\n\n<p>Se voc\u00ea est\u00e1 com dificuldade para se concentrar. Se voc\u00ea est\u00e1 acordando no meio da noite, se encontrando totalmente desperto e certo de que algo est\u00e1 sendo baixado e integrado, voc\u00ea est\u00e1 certo.<\/p>\n\n\n\n<p>E para aqueles que, como Ailia, t\u00eam dificuldade para se concentrar na maior parte do tempo, a quest\u00e3o \u00e9 que voc\u00eas est\u00e3o operando em tamanha vastid\u00e3o enquanto dormem que, ao acordar, o tempo que leva para ressurgir completamente no f\u00edsico \u00e9 muito maior do que o normal.<\/p>\n\n\n\n<p>Portanto, mesmo que voc\u00ea acorde cedo, \u00e0s 7 ou 8 horas, pode ser que sejam 15 ou 16 horas antes de se sentir totalmente alerta e presente em sua vida cotidiana neste momento.<\/p>\n\n\n\n<p>As mudan\u00e7as internas em sua forma f\u00edsica e a integra\u00e7\u00e3o delas, juntamente com as mudan\u00e7as que elas iniciam, exigindo energia e foco em sua forma, est\u00e3o ocupando mais horas de vig\u00edlia agora do que o normal.<\/p>\n\n\n\n<p>Isso nem sempre ser\u00e1 o caso, mas por enquanto, realmente \u00e9. E a maneira mais f\u00e1cil de se alinhar com isso \u00e9 se alinhar com seu pr\u00f3prio espa\u00e7o card\u00edaco interior. Sentir a resson\u00e2ncia com seu cora\u00e7\u00e3o, com a conex\u00e3o com e para sua vastid\u00e3o eterna e descansar nesse santu\u00e1rio interior.<\/p>\n\n\n\n<p>Ao se permitir ser sustentado, multidimensionalmente, pela luz c\u00f3smica que \u00e9 a sua Fonte, voc\u00ea sentir\u00e1 paz interior e radi\u00e2ncia fluindo de voc\u00ea, aben\u00e7oando toda a Vida na Terra.<\/p>\n\n\n\n<p>Voc\u00eas s\u00e3o condutores de luz. Voc\u00eas est\u00e3o se tornando, cada vez mais, condutores conscientes dessa luz superior, e essa luz est\u00e1 mudando a natureza da sua experi\u00eancia corporal e, especificamente agora, a sua percep\u00e7\u00e3o de como voc\u00ea usa a mente.<\/p>\n\n\n\n<p>continua<\/p>\n","protected":false},"excerpt":{"rendered":"<p>MENSAGEM DOS SERES ANG\u00c9LICOSCanalizada por Ailia Mira 26 de Junho de 2025 N\u00f3s os saudamos com amor. Estamos aqui agora, com energias muito diferentes presentes dentro de voc\u00eas e em seu mundo. Uma grande mudan\u00e7a aconteceu no Solst\u00edcio e, \u00e0 medida que as energias continuaram a fluir para o seu reino a partir da\u00ed e [&hellip;]<\/p>\n","protected":false},"author":1,"featured_media":0,"comment_status":"open","ping_status":"open","sticky":false,"template":"","format":"standard","meta":{"_mi_skip_tracking":false},"categories":[3],"tags":[],"_links":{"self":[{"href":"https:\/\/www.miguelfaccio.com.br\/blog\/index.php\/wp-json\/wp\/v2\/posts\/19554"}],"collection":[{"href":"https:\/\/www.miguelfaccio.com.br\/blog\/index.php\/wp-json\/wp\/v2\/posts"}],"about":[{"href":"https:\/\/www.miguelfaccio.com.br\/blog\/index.php\/wp-json\/wp\/v2\/types\/post"}],"author":[{"embeddable":true,"href":"https:\/\/www.miguelfaccio.com.br\/blog\/index.php\/wp-json\/wp\/v2\/users\/1"}],"replies":[{"embeddable":true,"href":"https:\/\/www.miguelfaccio.com.br\/blog\/index.php\/wp-json\/wp\/v2\/comments?post=19554"}],"version-history":[{"count":1,"href":"https:\/\/www.miguelfaccio.com.br\/blog\/index.php\/wp-json\/wp\/v2\/posts\/19554\/revisions"}],"predecessor-version":[{"id":19555,"href":"https:\/\/www.miguelfaccio.com.br\/blog\/index.php\/wp-json\/wp\/v2\/posts\/19554\/revisions\/19555"}],"wp:attachment":[{"href":"https:\/\/www.miguelfaccio.com.br\/blog\/index.php\/wp-json\/wp\/v2\/media?parent=19554"}],"wp:term":[{"taxonomy":"category","embeddable":true,"href":"https:\/\/www.miguelfaccio.com.br\/blog\/index.php\/wp-json\/wp\/v2\/categories?post=19554"},{"taxonomy":"post_tag","embeddable":true,"href":"https:\/\/www.miguelfaccio.com.br\/blog\/index.php\/wp-json\/wp\/v2\/tags?post=19554"}],"curies":[{"name":"wp","href":"https:\/\/api.w.org\/{rel}","templated":true}]}}