{"id":19552,"date":"2025-06-28T08:51:48","date_gmt":"2025-06-28T11:51:48","guid":{"rendered":"https:\/\/www.miguelfaccio.com.br\/blog\/?p=19552"},"modified":"2025-06-28T08:51:51","modified_gmt":"2025-06-28T11:51:51","slug":"plv4142-livro-28-diario-19-01-2023","status":"publish","type":"post","link":"https:\/\/www.miguelfaccio.com.br\/blog\/index.php\/plv4142-livro-28-diario-19-01-2023\/","title":{"rendered":"PLV4142 \u2013 Livro 28 \u2013 Di\u00e1rio, 19\/01\/2023"},"content":{"rendered":"\n<p class=\"has-text-align-right\"><strong>19\/01\/2023<\/strong><\/p>\n\n\n\n<p>A cada descida \u00e0 mat\u00e9ria \u00e9 uma tentativa de evolu\u00e7\u00e3o. Mas sempre pode encontrar um consciente f\u00edsico malformado que n\u00e3o atenda suas necessidades evolutivas. O grande problema est\u00e1 em que a humanidade atual, muito pouco tem consci\u00eancia de sua dualidade, o seu ser formado por dois princ\u00edpios que precisam laborar em conson\u00e2ncia. Boa parte da humanidade s\u00f3 se dedica \u00e0s coisas materiais, sequer tem consci\u00eancia de ter um esp\u00edrito que, inclusive, d\u00e1 a vida e todas as capacidades de seu corpo. Sem essa outra parte de seu agregado, simplesmente o corpo n\u00e3o existiria. Para esses, a morte \u00e9 o final da estrada, ent\u00e3o, aproveitam tudo o que podem e o que n\u00e3o podem fazer para satisfazer seus desejos insanos. S\u00e3o escravos da mat\u00e9ria, e, tamb\u00e9m, das sombras que se aproveitam desses desequilibrados para manter sobre o planeta seus escravos mentais, seus cavalos de batalha, que aproveitam seu desequil\u00edbrio para fazerem mais adeptos, assim garantindo mais um tempo de perman\u00eancia aqui no planeta que passou para a quinta dimens\u00e3o, mas possui, ainda, muitas ra\u00edzes das sombras que n\u00e3o querem abandonar o seu posto. A luz vencer\u00e1, hoje, amanh\u00e3 ou daqui a algum tempo, tudo ser\u00e1 retirado, e levado para outros planetas. Se quisermos continuar na Nova Terra, temos que vibrar com ela.<\/p>\n","protected":false},"excerpt":{"rendered":"<p>19\/01\/2023 A cada descida \u00e0 mat\u00e9ria \u00e9 uma tentativa de evolu\u00e7\u00e3o. Mas sempre pode encontrar um consciente f\u00edsico malformado que n\u00e3o atenda suas necessidades evolutivas. O grande problema est\u00e1 em que a humanidade atual, muito pouco tem consci\u00eancia de sua dualidade, o seu ser formado por dois princ\u00edpios que precisam laborar em conson\u00e2ncia. Boa parte [&hellip;]<\/p>\n","protected":false},"author":1,"featured_media":0,"comment_status":"open","ping_status":"open","sticky":false,"template":"","format":"standard","meta":{"_mi_skip_tracking":false},"categories":[34],"tags":[],"_links":{"self":[{"href":"https:\/\/www.miguelfaccio.com.br\/blog\/index.php\/wp-json\/wp\/v2\/posts\/19552"}],"collection":[{"href":"https:\/\/www.miguelfaccio.com.br\/blog\/index.php\/wp-json\/wp\/v2\/posts"}],"about":[{"href":"https:\/\/www.miguelfaccio.com.br\/blog\/index.php\/wp-json\/wp\/v2\/types\/post"}],"author":[{"embeddable":true,"href":"https:\/\/www.miguelfaccio.com.br\/blog\/index.php\/wp-json\/wp\/v2\/users\/1"}],"replies":[{"embeddable":true,"href":"https:\/\/www.miguelfaccio.com.br\/blog\/index.php\/wp-json\/wp\/v2\/comments?post=19552"}],"version-history":[{"count":1,"href":"https:\/\/www.miguelfaccio.com.br\/blog\/index.php\/wp-json\/wp\/v2\/posts\/19552\/revisions"}],"predecessor-version":[{"id":19553,"href":"https:\/\/www.miguelfaccio.com.br\/blog\/index.php\/wp-json\/wp\/v2\/posts\/19552\/revisions\/19553"}],"wp:attachment":[{"href":"https:\/\/www.miguelfaccio.com.br\/blog\/index.php\/wp-json\/wp\/v2\/media?parent=19552"}],"wp:term":[{"taxonomy":"category","embeddable":true,"href":"https:\/\/www.miguelfaccio.com.br\/blog\/index.php\/wp-json\/wp\/v2\/categories?post=19552"},{"taxonomy":"post_tag","embeddable":true,"href":"https:\/\/www.miguelfaccio.com.br\/blog\/index.php\/wp-json\/wp\/v2\/tags?post=19552"}],"curies":[{"name":"wp","href":"https:\/\/api.w.org\/{rel}","templated":true}]}}