{"id":19548,"date":"2025-06-27T08:47:22","date_gmt":"2025-06-27T11:47:22","guid":{"rendered":"https:\/\/www.miguelfaccio.com.br\/blog\/?p=19548"},"modified":"2025-06-27T08:47:24","modified_gmt":"2025-06-27T11:47:24","slug":"plv4141-livro-28-diario-18-01-2023","status":"publish","type":"post","link":"https:\/\/www.miguelfaccio.com.br\/blog\/index.php\/plv4141-livro-28-diario-18-01-2023\/","title":{"rendered":"PLV4141 \u2013 Livro 28 \u2013 Di\u00e1rio, 18\/01\/2023"},"content":{"rendered":"\n<p class=\"has-text-align-right\"><strong>18\/01\/2023<\/strong><\/p>\n\n\n\n<p>O progresso que cada um consegue estabelecer em sua encarna\u00e7\u00e3o, \u00e9 resultado de sua maior ou menor sintonia com o consciente do corpo e com o consciente do esp\u00edrito. O esp\u00edrito sempre busca o conhecimento, a evolu\u00e7\u00e3o espiritual, isso j\u00e1 est\u00e1 impresso em seu DNA. A grande dificuldade sempre est\u00e1 na sintonia mat\u00e9ria\/ess\u00eancia, corpo\/esp\u00edrito. Houve per\u00edodos em que a humanidade conseguia aproximar-se um pouco mais de seus esp\u00edritos, mas, tamb\u00e9m, houve tempos dif\u00edceis e agora, parece ser o suprassumo da dificuldade. Pode-se afirmar que, at\u00e9 meia idade, os seres humanos s\u00e3o totalmente desligados de suas realidades mat\u00e9ria\/esp\u00edrito. Est\u00e3o somente ligadas \u00e0s coisas materiais e que satisfa\u00e7am apenas suas insanidades mentais. N\u00e3o est\u00e3o nem a\u00ed para aquilo que foge \u00e0 satisfa\u00e7\u00e3o de seus desejos. Se apegam \u00fanica e exclusivamente aos ditames de uma mente insana e desequilibrada. N\u00e3o se preocupam em formar para si requisitos de evolu\u00e7\u00e3o e de melhora de vida, as coisas imediatas os satisfazem. Seus valores s\u00e3o apenas aquilo que conseguem amealhar durante o dia, o resto n\u00e3o os preocupa. S\u00e3o, propriamente, pior que os animais, que somente matam para saciar a fome. Esses seres humanos matam at\u00e9 por prazer. S\u00e3o capazes de matar por alguns trocados, algum celular. Em sua vida, em seus atos, em suas atitudes, n\u00e3o h\u00e1 valores, apenas o impulso do momento.<\/p>\n","protected":false},"excerpt":{"rendered":"<p>18\/01\/2023 O progresso que cada um consegue estabelecer em sua encarna\u00e7\u00e3o, \u00e9 resultado de sua maior ou menor sintonia com o consciente do corpo e com o consciente do esp\u00edrito. O esp\u00edrito sempre busca o conhecimento, a evolu\u00e7\u00e3o espiritual, isso j\u00e1 est\u00e1 impresso em seu DNA. A grande dificuldade sempre est\u00e1 na sintonia mat\u00e9ria\/ess\u00eancia, corpo\/esp\u00edrito. [&hellip;]<\/p>\n","protected":false},"author":1,"featured_media":0,"comment_status":"open","ping_status":"open","sticky":false,"template":"","format":"standard","meta":{"_mi_skip_tracking":false},"categories":[34],"tags":[],"_links":{"self":[{"href":"https:\/\/www.miguelfaccio.com.br\/blog\/index.php\/wp-json\/wp\/v2\/posts\/19548"}],"collection":[{"href":"https:\/\/www.miguelfaccio.com.br\/blog\/index.php\/wp-json\/wp\/v2\/posts"}],"about":[{"href":"https:\/\/www.miguelfaccio.com.br\/blog\/index.php\/wp-json\/wp\/v2\/types\/post"}],"author":[{"embeddable":true,"href":"https:\/\/www.miguelfaccio.com.br\/blog\/index.php\/wp-json\/wp\/v2\/users\/1"}],"replies":[{"embeddable":true,"href":"https:\/\/www.miguelfaccio.com.br\/blog\/index.php\/wp-json\/wp\/v2\/comments?post=19548"}],"version-history":[{"count":1,"href":"https:\/\/www.miguelfaccio.com.br\/blog\/index.php\/wp-json\/wp\/v2\/posts\/19548\/revisions"}],"predecessor-version":[{"id":19549,"href":"https:\/\/www.miguelfaccio.com.br\/blog\/index.php\/wp-json\/wp\/v2\/posts\/19548\/revisions\/19549"}],"wp:attachment":[{"href":"https:\/\/www.miguelfaccio.com.br\/blog\/index.php\/wp-json\/wp\/v2\/media?parent=19548"}],"wp:term":[{"taxonomy":"category","embeddable":true,"href":"https:\/\/www.miguelfaccio.com.br\/blog\/index.php\/wp-json\/wp\/v2\/categories?post=19548"},{"taxonomy":"post_tag","embeddable":true,"href":"https:\/\/www.miguelfaccio.com.br\/blog\/index.php\/wp-json\/wp\/v2\/tags?post=19548"}],"curies":[{"name":"wp","href":"https:\/\/api.w.org\/{rel}","templated":true}]}}