{"id":19539,"date":"2025-06-26T09:06:58","date_gmt":"2025-06-26T12:06:58","guid":{"rendered":"https:\/\/www.miguelfaccio.com.br\/blog\/?p=19539"},"modified":"2025-06-26T09:07:01","modified_gmt":"2025-06-26T12:07:01","slug":"plv4140-livro-28-diario-17-01-2023","status":"publish","type":"post","link":"https:\/\/www.miguelfaccio.com.br\/blog\/index.php\/plv4140-livro-28-diario-17-01-2023\/","title":{"rendered":"PLV4140 \u2013 Livro 28 \u2013 Di\u00e1rio, 17\/01\/2023"},"content":{"rendered":"\n<p class=\"has-text-align-right\"><strong>17\/01\/2023<\/strong><\/p>\n\n\n\n<p>A nossa caminhada, na vis\u00e3o material, \u00e9 sempre incerta. Nunca saberemos o que vai acontecer amanh\u00e3. Amanh\u00e3, sempre ser\u00e1 uma inc\u00f3gnita e, na realidade \u00e9 mesmo. Ningu\u00e9m pode prever o que ser\u00e1 o nosso amanh\u00e3. Pode-se, atrav\u00e9s da dedu\u00e7\u00e3o l\u00f3gica, fazer alguns progn\u00f3sticos, mas todos s\u00e3o incertos, pois dependem, n\u00e3o s\u00f3 de fatores materiais, mas tamb\u00e9m de planejamento dos comandos que governam o nosso planeta, talvez do sistema solar. Um dos fatores importantes que determinam o amanh\u00e3, s\u00e3o as cria\u00e7\u00f5es de nossos pensamentos como individualidade e como coletividade tamb\u00e9m. Simplesmente por nossa pr\u00f3pria situa\u00e7\u00e3o no universo, como individualidade conscientes e como criadores daquilo que nos rodeia, as condi\u00e7\u00f5es de nosso pr\u00f3prio futuro e condi\u00e7\u00f5es da vida, pois fomos criados \u00e0 pr\u00f3pria imagem e semelhan\u00e7a de Deus. Assim, tamb\u00e9m, \u00e9 a nossa caminhada, criando as condi\u00e7\u00f5es de nossa pr\u00f3pria estrada, as dificuldades e as facilidades, as pedras e espinhos, as cobras e lagartos. O que estiver \u00e0 nossa frente, o que estiver \u00e0s nossas costas, s\u00e3o realidades que cada um criou. Al\u00e9m dessas realidades que impactam nossa exist\u00eancia, h\u00e1 as realidades que edificam nossa vida de seres espirituais e elevam a pr\u00f3pria energia impulsionando nossa evolu\u00e7\u00e3o espiritual. Este \u00e9 o grande sentido da descida do esp\u00edrito \u00e0 mat\u00e9ria, experienciando o conhecimento, evoluir \u00e0 um plano maior.<\/p>\n","protected":false},"excerpt":{"rendered":"<p>17\/01\/2023 A nossa caminhada, na vis\u00e3o material, \u00e9 sempre incerta. Nunca saberemos o que vai acontecer amanh\u00e3. Amanh\u00e3, sempre ser\u00e1 uma inc\u00f3gnita e, na realidade \u00e9 mesmo. Ningu\u00e9m pode prever o que ser\u00e1 o nosso amanh\u00e3. Pode-se, atrav\u00e9s da dedu\u00e7\u00e3o l\u00f3gica, fazer alguns progn\u00f3sticos, mas todos s\u00e3o incertos, pois dependem, n\u00e3o s\u00f3 de fatores materiais, [&hellip;]<\/p>\n","protected":false},"author":1,"featured_media":0,"comment_status":"open","ping_status":"open","sticky":false,"template":"","format":"standard","meta":{"_mi_skip_tracking":false},"categories":[34],"tags":[],"_links":{"self":[{"href":"https:\/\/www.miguelfaccio.com.br\/blog\/index.php\/wp-json\/wp\/v2\/posts\/19539"}],"collection":[{"href":"https:\/\/www.miguelfaccio.com.br\/blog\/index.php\/wp-json\/wp\/v2\/posts"}],"about":[{"href":"https:\/\/www.miguelfaccio.com.br\/blog\/index.php\/wp-json\/wp\/v2\/types\/post"}],"author":[{"embeddable":true,"href":"https:\/\/www.miguelfaccio.com.br\/blog\/index.php\/wp-json\/wp\/v2\/users\/1"}],"replies":[{"embeddable":true,"href":"https:\/\/www.miguelfaccio.com.br\/blog\/index.php\/wp-json\/wp\/v2\/comments?post=19539"}],"version-history":[{"count":1,"href":"https:\/\/www.miguelfaccio.com.br\/blog\/index.php\/wp-json\/wp\/v2\/posts\/19539\/revisions"}],"predecessor-version":[{"id":19540,"href":"https:\/\/www.miguelfaccio.com.br\/blog\/index.php\/wp-json\/wp\/v2\/posts\/19539\/revisions\/19540"}],"wp:attachment":[{"href":"https:\/\/www.miguelfaccio.com.br\/blog\/index.php\/wp-json\/wp\/v2\/media?parent=19539"}],"wp:term":[{"taxonomy":"category","embeddable":true,"href":"https:\/\/www.miguelfaccio.com.br\/blog\/index.php\/wp-json\/wp\/v2\/categories?post=19539"},{"taxonomy":"post_tag","embeddable":true,"href":"https:\/\/www.miguelfaccio.com.br\/blog\/index.php\/wp-json\/wp\/v2\/tags?post=19539"}],"curies":[{"name":"wp","href":"https:\/\/api.w.org\/{rel}","templated":true}]}}