{"id":19535,"date":"2025-06-25T09:24:40","date_gmt":"2025-06-25T12:24:40","guid":{"rendered":"https:\/\/www.miguelfaccio.com.br\/blog\/?p=19535"},"modified":"2025-06-25T09:24:43","modified_gmt":"2025-06-25T12:24:43","slug":"plv4139-livro-28-diario-16-01-2023","status":"publish","type":"post","link":"https:\/\/www.miguelfaccio.com.br\/blog\/index.php\/plv4139-livro-28-diario-16-01-2023\/","title":{"rendered":"PLV4139 \u2013 Livro 28 \u2013 Di\u00e1rio, 16\/01\/2023"},"content":{"rendered":"\n<p class=\"has-text-align-right\">16\/01\/2023<\/p>\n\n\n\n<p>Somos formados de mat\u00e9ria e energia. A mat\u00e9ria s\u00e3o os el\u00e9trons, os pr\u00f3tons e os neutros que formam o \u00e1tomo. Estes \u00e1tomos precisam de uma energia que os sustentem, que lhes garanta a exist\u00eancia, que evite que el\u00e9trons possam sair ou entrar no \u00e1tomo. Assim tamb\u00e9m, cada ser \u00e9 formado de \u00e1tomos e precisa de uma energia em uma determinada frequ\u00eancia e intensidade que lhe garanta a exist\u00eancia. Isso acontece com cada conjunto de \u00e1tomos, cada ser, no universo. A grande dificuldade do ser humano \u00e9 conscientizar-se que \u00e9 mat\u00e9ria e energia. \u00c9 este conjunto que estabelece a condi\u00e7\u00e3o de exist\u00eancia, d\u00e1 a oportunidade de cada individualidade existir, crescer e evoluir, porque nada fica inanimado no universo. Tudo tem vida, e, vida \u00e9 sin\u00f4nimo de crescimento, de evolu\u00e7\u00e3o. Assim cada individualidade tem seu tempo pr\u00f3prio de crescer, evoluir e de dar frutos. Alguns vegetais d\u00e3o frutos em tr\u00eas meses, outros podem frutificar at\u00e9 duas vezes ao ano. A maioria da natureza a cada primavera se renova. H\u00e1 outros que levam tempo variado para sair do gr\u00e3o lan\u00e7ado na terra, \u00e0 produ\u00e7\u00e3o de seus primeiros frutos, como a T\u00e2mara que leva mais de 80 anos para produzir seus primeiros frutos. N\u00e3o h\u00e1 como determinar o tempo em que o ser humano leva de sua cria\u00e7\u00e3o, passa pelos est\u00e1gios iniciais da vida e s\u00f3 vai produzir seus frutos quando tiver condi\u00e7\u00f5es de criar atrav\u00e9s de seu pensamento. Porque o fruto que o ser humano produz s\u00e3o as cria\u00e7\u00f5es de seu pensamento.<\/p>\n","protected":false},"excerpt":{"rendered":"<p>16\/01\/2023 Somos formados de mat\u00e9ria e energia. A mat\u00e9ria s\u00e3o os el\u00e9trons, os pr\u00f3tons e os neutros que formam o \u00e1tomo. Estes \u00e1tomos precisam de uma energia que os sustentem, que lhes garanta a exist\u00eancia, que evite que el\u00e9trons possam sair ou entrar no \u00e1tomo. Assim tamb\u00e9m, cada ser \u00e9 formado de \u00e1tomos e precisa [&hellip;]<\/p>\n","protected":false},"author":1,"featured_media":0,"comment_status":"open","ping_status":"open","sticky":false,"template":"","format":"standard","meta":{"_mi_skip_tracking":false},"categories":[34],"tags":[],"_links":{"self":[{"href":"https:\/\/www.miguelfaccio.com.br\/blog\/index.php\/wp-json\/wp\/v2\/posts\/19535"}],"collection":[{"href":"https:\/\/www.miguelfaccio.com.br\/blog\/index.php\/wp-json\/wp\/v2\/posts"}],"about":[{"href":"https:\/\/www.miguelfaccio.com.br\/blog\/index.php\/wp-json\/wp\/v2\/types\/post"}],"author":[{"embeddable":true,"href":"https:\/\/www.miguelfaccio.com.br\/blog\/index.php\/wp-json\/wp\/v2\/users\/1"}],"replies":[{"embeddable":true,"href":"https:\/\/www.miguelfaccio.com.br\/blog\/index.php\/wp-json\/wp\/v2\/comments?post=19535"}],"version-history":[{"count":1,"href":"https:\/\/www.miguelfaccio.com.br\/blog\/index.php\/wp-json\/wp\/v2\/posts\/19535\/revisions"}],"predecessor-version":[{"id":19536,"href":"https:\/\/www.miguelfaccio.com.br\/blog\/index.php\/wp-json\/wp\/v2\/posts\/19535\/revisions\/19536"}],"wp:attachment":[{"href":"https:\/\/www.miguelfaccio.com.br\/blog\/index.php\/wp-json\/wp\/v2\/media?parent=19535"}],"wp:term":[{"taxonomy":"category","embeddable":true,"href":"https:\/\/www.miguelfaccio.com.br\/blog\/index.php\/wp-json\/wp\/v2\/categories?post=19535"},{"taxonomy":"post_tag","embeddable":true,"href":"https:\/\/www.miguelfaccio.com.br\/blog\/index.php\/wp-json\/wp\/v2\/tags?post=19535"}],"curies":[{"name":"wp","href":"https:\/\/api.w.org\/{rel}","templated":true}]}}