{"id":19533,"date":"2025-06-24T08:47:57","date_gmt":"2025-06-24T11:47:57","guid":{"rendered":"https:\/\/www.miguelfaccio.com.br\/blog\/?p=19533"},"modified":"2025-06-24T08:48:00","modified_gmt":"2025-06-24T11:48:00","slug":"rcd4085-raios-ou-chamas","status":"publish","type":"post","link":"https:\/\/www.miguelfaccio.com.br\/blog\/index.php\/rcd4085-raios-ou-chamas\/","title":{"rendered":"RCD4085 Raios ou Chamas"},"content":{"rendered":"\n<p class=\"has-text-align-right\"><strong>KRYON <br>Atrav\u00e9s de Lee Carroll<\/strong><\/p>\n\n\n\n<p>MUDAN\u00c7A NO DNA<\/p>\n\n\n\n<p>continua\u00e7\u00e3o<\/p>\n\n\n\n<p>Descobriram, voc\u00ea diria, qu\u00edmica, e o que descobriram foi que n\u00e3o era a qu\u00edmica que esperavam. Na verdade, n\u00e3o tinha os padr\u00f5es da qu\u00edmica. \u00c9 por isso que n\u00e3o era realmente detect\u00e1vel, voc\u00ea diria, por cientistas que procuravam a coisa errada.<\/p>\n\n\n\n<p>H\u00e1 quem diga que os linguistas foram os verdadeiros descobridores dos padr\u00f5es. Havia um padr\u00e3o de linguagem no lixo. Hoje, eles sabem o que \u00e9 o lixo \u2013 mais ou menos. Ainda n\u00e3o conseguem ler as p\u00e1ginas na linguagem do lixo, mas agora percebem que ele n\u00e3o produz genes.<\/p>\n\n\n\n<p>N\u00e3o \u00e9 uma parte qu\u00edmica do DNA, mas sim uma parte manual. Pode-se dizer que s\u00e3o os conjuntos de instru\u00e7\u00f5es para aquilo que s\u00e3o os cromossomos que produzem todos os genes.<\/p>\n\n\n\n<p>Ent\u00e3o, a pergunta novamente \u00e9: o seu DNA est\u00e1 mudando? Se o DNA come\u00e7asse a mudar naquilo que costumavam chamar de lixo, voc\u00ea acha que eles perceberiam? Pergunta n\u00famero um.<\/p>\n\n\n\n<p>N\u00famero dois: Aquele 24\u00ba conjunto de cromossomos, elusivo e multidimensional, sobre o qual falamos, aqueles dois que s\u00e3o o 24\u00ba par e que n\u00e3o s\u00e3o vis\u00edveis ao microsc\u00f3pio, est\u00e3o mudando por conta pr\u00f3pria?<\/p>\n\n\n\n<p>Ent\u00e3o, aqui est\u00e1 a resposta que eu quero dar a voc\u00eas, e n\u00e3o \u00e9 uma resposta necessariamente f\u00e1cil de entender ou que voc\u00eas realmente precisem saber, exceto que parte da quest\u00e3o e o plano, voc\u00eas poderiam dizer, de toda a humanidade realmente giram em torno disso.<\/p>\n\n\n\n<p>A mudan\u00e7a em que voc\u00eas est\u00e3o tem muitas energias novas. Se voc\u00eas recuarem e observarem as canaliza\u00e7\u00f5es que lhes demos, uma das minhas favoritas \u00e9 esta: O v\u00e9u est\u00e1 se levantando. E esse v\u00e9u, voc\u00eas poderiam dizer, \u00e9 a quantidade de espiritualidade da qual voc\u00eas podem estar cientes, observar e absorver.<\/p>\n\n\n\n<p>\u00c0 medida que o v\u00e9u se levanta, voc\u00eas come\u00e7am a ver coisas que n\u00e3o conseguiam ver antes. Voc\u00eas come\u00e7am a ter consci\u00eancia de coisas das quais n\u00e3o tinham consci\u00eancia antes. Mas a melhor parte \u00e9 que h\u00e1 uma parte dessa consci\u00eancia que est\u00e1 ativa. Ou seja, de repente voc\u00eas s\u00e3o capazes de fazer coisas que n\u00e3o eram capazes de fazer antes.<\/p>\n\n\n\n<p>Aqui vai uma pergunta: voc\u00ea acha que o levantamento do v\u00e9u pode mudar sua biologia, pode mudar seu DNA? E isso \u00e9 para qualquer pessoa no planeta, esta pergunta, n\u00e3o apenas para as almas antigas, porque voc\u00ea entende que a mudan\u00e7a afeta a todos.<\/p>\n\n\n\n<p>Todas as almas s\u00e3o os l\u00edderes. Elas s\u00e3o os sinalizadores do caminho. Elas s\u00e3o os far\u00f3is. Mas a humanidade em geral est\u00e1 sendo exposta a novas consci\u00eancias. O v\u00e9u se levanta para todos. Acontece que alguns de voc\u00eas o ver\u00e3o, outros n\u00e3o. Muitos ter\u00e3o medo dele.<\/p>\n\n\n\n<p>\u00c0 medida que o v\u00e9u se levanta, significa apenas que voc\u00ea sente a mudan\u00e7a. Para o trabalhador da luz, voc\u00ea a reconhece e diz: \u201cPosso usar essas novas ferramentas. Posso me comunicar melhor com a energia da minha alma. Posso fazer isso, isso e aquilo.\u201d Mas, em geral, sempre foi assim. Os humanos t\u00eam livre escolha para fazer o que quiserem, desde que estejam cientes disso. Essa \u00e9 a livre escolha.<\/p>\n\n\n\n<p>Portanto, haver\u00e1 muitos em uma velha energia que ter\u00e3o um v\u00e9u se levantando; eles nem sabem que existe um v\u00e9u. Eles s\u00e3o t\u00e3o inconscientes da luz, e essa \u00e9 a escolha deles de permanecer em uma velha energia, de fechar as v\u00e1lvulas que, por assim dizer, despejam a luz e permanecer onde est\u00e3o. Essa \u00e9 a livre escolha.<\/p>\n\n\n\n<p>continua<\/p>\n","protected":false},"excerpt":{"rendered":"<p>KRYON Atrav\u00e9s de Lee Carroll MUDAN\u00c7A NO DNA continua\u00e7\u00e3o Descobriram, voc\u00ea diria, qu\u00edmica, e o que descobriram foi que n\u00e3o era a qu\u00edmica que esperavam. Na verdade, n\u00e3o tinha os padr\u00f5es da qu\u00edmica. \u00c9 por isso que n\u00e3o era realmente detect\u00e1vel, voc\u00ea diria, por cientistas que procuravam a coisa errada. H\u00e1 quem diga que os [&hellip;]<\/p>\n","protected":false},"author":1,"featured_media":0,"comment_status":"open","ping_status":"open","sticky":false,"template":"","format":"standard","meta":{"_mi_skip_tracking":false},"categories":[3],"tags":[],"_links":{"self":[{"href":"https:\/\/www.miguelfaccio.com.br\/blog\/index.php\/wp-json\/wp\/v2\/posts\/19533"}],"collection":[{"href":"https:\/\/www.miguelfaccio.com.br\/blog\/index.php\/wp-json\/wp\/v2\/posts"}],"about":[{"href":"https:\/\/www.miguelfaccio.com.br\/blog\/index.php\/wp-json\/wp\/v2\/types\/post"}],"author":[{"embeddable":true,"href":"https:\/\/www.miguelfaccio.com.br\/blog\/index.php\/wp-json\/wp\/v2\/users\/1"}],"replies":[{"embeddable":true,"href":"https:\/\/www.miguelfaccio.com.br\/blog\/index.php\/wp-json\/wp\/v2\/comments?post=19533"}],"version-history":[{"count":1,"href":"https:\/\/www.miguelfaccio.com.br\/blog\/index.php\/wp-json\/wp\/v2\/posts\/19533\/revisions"}],"predecessor-version":[{"id":19534,"href":"https:\/\/www.miguelfaccio.com.br\/blog\/index.php\/wp-json\/wp\/v2\/posts\/19533\/revisions\/19534"}],"wp:attachment":[{"href":"https:\/\/www.miguelfaccio.com.br\/blog\/index.php\/wp-json\/wp\/v2\/media?parent=19533"}],"wp:term":[{"taxonomy":"category","embeddable":true,"href":"https:\/\/www.miguelfaccio.com.br\/blog\/index.php\/wp-json\/wp\/v2\/categories?post=19533"},{"taxonomy":"post_tag","embeddable":true,"href":"https:\/\/www.miguelfaccio.com.br\/blog\/index.php\/wp-json\/wp\/v2\/tags?post=19533"}],"curies":[{"name":"wp","href":"https:\/\/api.w.org\/{rel}","templated":true}]}}