{"id":19531,"date":"2025-06-24T08:45:12","date_gmt":"2025-06-24T11:45:12","guid":{"rendered":"https:\/\/www.miguelfaccio.com.br\/blog\/?p=19531"},"modified":"2025-06-24T08:45:15","modified_gmt":"2025-06-24T11:45:15","slug":"plv4138-livro-28-diario-15-01-2023","status":"publish","type":"post","link":"https:\/\/www.miguelfaccio.com.br\/blog\/index.php\/plv4138-livro-28-diario-15-01-2023\/","title":{"rendered":"PLV4138 \u2013 Livro 28 \u2013 Di\u00e1rio, 15\/01\/2023"},"content":{"rendered":"\n<p class=\"has-text-align-right\"><strong>15\/1\/2023<\/strong><\/p>\n\n\n\n<p>Uma das maiores dificuldades, especialmente aqui no Brasil, \u00e9 a reuni\u00e3o, n\u00e3o s\u00f3 de pessoas, mas especialmente de consci\u00eancias, de objetivo de unicidade de princ\u00edpios. Hoje n\u00e3o existe mais aquela consci\u00eancia grupal que ditava os atos e criava os fatos para o andamento perfeito de uma na\u00e7\u00e3o. Hoje o que vale \u00e9 os objetivos individuais sobre todos os outros objetivos. Esses objetivos individuais, geralmente, se calcam sobre a cabe\u00e7a de uma coletividade, que trabalha, zela, d\u00e1 seu suor para que o objetivo daquela individualidade, que \u00e9 inc\u00f3gnito ao vulgo, n\u00e3o perceba que ele est\u00e1 os levando a uma forma de escravid\u00e3o. Talvez n\u00e3o da escravid\u00e3o f\u00edsica como no passado, mas especialmente uma escravid\u00e3o de ideias e de pr\u00e9-conceitos. \u00c9 necess\u00e1ria a virada disso. Afastar esses desertores da comunh\u00e3o de pessoas do livre pensamento e especialmente da liberdade de a\u00e7\u00e3o. A busca do conhecimento de si pr\u00f3prio, de sua comum-uni\u00e3o com a mat\u00e9ria e o esp\u00edrito, que formam a individualidade, que precisa se sobressair dos interesses mesquinhos, especialmente visando posi\u00e7\u00f5es de proemin\u00eancia na sociedade, de livre vontade ou de imposi\u00e7\u00e3o vinda de cima, e sem condi\u00e7\u00e3o de se defender tendo que se entregar como um cordeiro levado o matadouro, tornando-se um ser sem palavra, pois n\u00e3o adianta vociferar, n\u00e3o ser\u00e1 ouvido, talvez apenas escarnecido.<\/p>\n","protected":false},"excerpt":{"rendered":"<p>15\/1\/2023 Uma das maiores dificuldades, especialmente aqui no Brasil, \u00e9 a reuni\u00e3o, n\u00e3o s\u00f3 de pessoas, mas especialmente de consci\u00eancias, de objetivo de unicidade de princ\u00edpios. Hoje n\u00e3o existe mais aquela consci\u00eancia grupal que ditava os atos e criava os fatos para o andamento perfeito de uma na\u00e7\u00e3o. Hoje o que vale \u00e9 os objetivos [&hellip;]<\/p>\n","protected":false},"author":1,"featured_media":0,"comment_status":"open","ping_status":"open","sticky":false,"template":"","format":"standard","meta":{"_mi_skip_tracking":false},"categories":[34],"tags":[],"_links":{"self":[{"href":"https:\/\/www.miguelfaccio.com.br\/blog\/index.php\/wp-json\/wp\/v2\/posts\/19531"}],"collection":[{"href":"https:\/\/www.miguelfaccio.com.br\/blog\/index.php\/wp-json\/wp\/v2\/posts"}],"about":[{"href":"https:\/\/www.miguelfaccio.com.br\/blog\/index.php\/wp-json\/wp\/v2\/types\/post"}],"author":[{"embeddable":true,"href":"https:\/\/www.miguelfaccio.com.br\/blog\/index.php\/wp-json\/wp\/v2\/users\/1"}],"replies":[{"embeddable":true,"href":"https:\/\/www.miguelfaccio.com.br\/blog\/index.php\/wp-json\/wp\/v2\/comments?post=19531"}],"version-history":[{"count":1,"href":"https:\/\/www.miguelfaccio.com.br\/blog\/index.php\/wp-json\/wp\/v2\/posts\/19531\/revisions"}],"predecessor-version":[{"id":19532,"href":"https:\/\/www.miguelfaccio.com.br\/blog\/index.php\/wp-json\/wp\/v2\/posts\/19531\/revisions\/19532"}],"wp:attachment":[{"href":"https:\/\/www.miguelfaccio.com.br\/blog\/index.php\/wp-json\/wp\/v2\/media?parent=19531"}],"wp:term":[{"taxonomy":"category","embeddable":true,"href":"https:\/\/www.miguelfaccio.com.br\/blog\/index.php\/wp-json\/wp\/v2\/categories?post=19531"},{"taxonomy":"post_tag","embeddable":true,"href":"https:\/\/www.miguelfaccio.com.br\/blog\/index.php\/wp-json\/wp\/v2\/tags?post=19531"}],"curies":[{"name":"wp","href":"https:\/\/api.w.org\/{rel}","templated":true}]}}