{"id":19527,"date":"2025-06-23T09:19:33","date_gmt":"2025-06-23T12:19:33","guid":{"rendered":"https:\/\/www.miguelfaccio.com.br\/blog\/?p=19527"},"modified":"2025-06-23T09:19:36","modified_gmt":"2025-06-23T12:19:36","slug":"plv4137-livro-28-diario-14-01-2023","status":"publish","type":"post","link":"https:\/\/www.miguelfaccio.com.br\/blog\/index.php\/plv4137-livro-28-diario-14-01-2023\/","title":{"rendered":"PLV4137 \u2013 Livro 28 \u2013 Di\u00e1rio, 14\/01\/2023"},"content":{"rendered":"\n<p class=\"has-text-align-right\"><strong>14\/01\/2023<\/strong><\/p>\n\n\n\n<p>Tudo o que vivemos em nossa exist\u00eancia de individualidades conscientes, teve que obedecer a um destes dois motivos. O primeiro, empurr\u00f5es para seguir o caminho evolutivo. O segundo para resgatar toda a cria\u00e7\u00e3o desordenada efetuada pelos corpos f\u00edsicos que nosso esp\u00edrito teve, no decorrer de sua exist\u00eancia. Em toda a encarna\u00e7\u00e3o h\u00e1 o objetivo evolutivo. O estudo, a experiencia\u00e7\u00e3o de novos conhecimentos que s\u00e3o necess\u00e1rios \u00e0 evolu\u00e7\u00e3o do ser. Todo novo conhecimento precisa ter uma base que lhe d\u00ea sustenta\u00e7\u00e3o, que lhe d\u00ea condi\u00e7\u00f5es de entendimento do novo conhecimento, e esse, se n\u00e3o tiver v\u00e1rias condi\u00e7\u00f5es de experiencia\u00e7\u00e3o, tamb\u00e9m n\u00e3o ter\u00e1 o pleno entendimento. Isso n\u00e3o somente com rela\u00e7\u00e3o ao que h\u00e1 atr\u00e1s da mat\u00e9ria, mas, tamb\u00e9m, com tudo o que se relaciona com as coisas materiais. Em todos os conhecimentos, na mat\u00e9ria ou fora dela, sempre h\u00e1 a necessidade de um suporte onde esse novo conhecimento vai se sustentar. Os conhecimentos, paulatinamente, se somam at\u00e9 chegar ao ponto de intelectualiza\u00e7\u00e3o do universo, levando, tamb\u00e9m \u00e0 intelectualiza\u00e7\u00e3o da Divindade. O mais dif\u00edcil nessa intelectualiza\u00e7\u00e3o est\u00e1 em entender, digamos assim, a divis\u00e3o individualizada da Divindade em cada ser existente, porque a Divindade n\u00e3o \u00e9 divis\u00edvel, ela \u00e9 una, e nesta unidade, comanda o universo.<\/p>\n","protected":false},"excerpt":{"rendered":"<p>14\/01\/2023 Tudo o que vivemos em nossa exist\u00eancia de individualidades conscientes, teve que obedecer a um destes dois motivos. O primeiro, empurr\u00f5es para seguir o caminho evolutivo. O segundo para resgatar toda a cria\u00e7\u00e3o desordenada efetuada pelos corpos f\u00edsicos que nosso esp\u00edrito teve, no decorrer de sua exist\u00eancia. Em toda a encarna\u00e7\u00e3o h\u00e1 o objetivo [&hellip;]<\/p>\n","protected":false},"author":1,"featured_media":0,"comment_status":"open","ping_status":"open","sticky":false,"template":"","format":"standard","meta":{"_mi_skip_tracking":false},"categories":[34],"tags":[],"_links":{"self":[{"href":"https:\/\/www.miguelfaccio.com.br\/blog\/index.php\/wp-json\/wp\/v2\/posts\/19527"}],"collection":[{"href":"https:\/\/www.miguelfaccio.com.br\/blog\/index.php\/wp-json\/wp\/v2\/posts"}],"about":[{"href":"https:\/\/www.miguelfaccio.com.br\/blog\/index.php\/wp-json\/wp\/v2\/types\/post"}],"author":[{"embeddable":true,"href":"https:\/\/www.miguelfaccio.com.br\/blog\/index.php\/wp-json\/wp\/v2\/users\/1"}],"replies":[{"embeddable":true,"href":"https:\/\/www.miguelfaccio.com.br\/blog\/index.php\/wp-json\/wp\/v2\/comments?post=19527"}],"version-history":[{"count":1,"href":"https:\/\/www.miguelfaccio.com.br\/blog\/index.php\/wp-json\/wp\/v2\/posts\/19527\/revisions"}],"predecessor-version":[{"id":19528,"href":"https:\/\/www.miguelfaccio.com.br\/blog\/index.php\/wp-json\/wp\/v2\/posts\/19527\/revisions\/19528"}],"wp:attachment":[{"href":"https:\/\/www.miguelfaccio.com.br\/blog\/index.php\/wp-json\/wp\/v2\/media?parent=19527"}],"wp:term":[{"taxonomy":"category","embeddable":true,"href":"https:\/\/www.miguelfaccio.com.br\/blog\/index.php\/wp-json\/wp\/v2\/categories?post=19527"},{"taxonomy":"post_tag","embeddable":true,"href":"https:\/\/www.miguelfaccio.com.br\/blog\/index.php\/wp-json\/wp\/v2\/tags?post=19527"}],"curies":[{"name":"wp","href":"https:\/\/api.w.org\/{rel}","templated":true}]}}