{"id":19525,"date":"2025-06-22T08:48:37","date_gmt":"2025-06-22T11:48:37","guid":{"rendered":"https:\/\/www.miguelfaccio.com.br\/blog\/?p=19525"},"modified":"2025-06-22T08:48:39","modified_gmt":"2025-06-22T11:48:39","slug":"rcd4083-raios-ou-chamas","status":"publish","type":"post","link":"https:\/\/www.miguelfaccio.com.br\/blog\/index.php\/rcd4083-raios-ou-chamas\/","title":{"rendered":"RCD4083 Raios ou Chamas"},"content":{"rendered":"\n<p class=\"has-text-align-right\"><strong>Uma mensagem do ARCANJO MIGUEL, dos DRAG\u00d5ES <br>GAL\u00c1CTICOS e do CONSELHO DA LUZ RADIANTE <br>Atrav\u00e9s de Ailia Mira<\/strong><\/p>\n\n\n\n<p>CONVITE PARA O SOLST\u00cdCIO<\/p>\n\n\n\n<p>continua\u00e7\u00e3o<\/p>\n\n\n\n<p>Sabemos que este ano foi o mais desafiador de todos para muitos de voc\u00eas. Esta semana e a semana passada foram talvez as mais intensas e desafiadoras deste ano excepcional.<\/p>\n\n\n\n<p>Portanto, se voc\u00ea est\u00e1 se sentindo pressionado e incapaz de fazer muita coisa ou de se concentrar, saiba que est\u00e1 trabalhando tanto enquanto dorme quanto enquanto est\u00e1 acordado para transformar e integrar enormes energias ativadoras que fortalecem sua ascens\u00e3o e encarna\u00e7\u00e3o divina.<\/p>\n\n\n\n<p>As energias do Solst\u00edcio de Junho j\u00e1 est\u00e3o sendo sentidas e voc\u00ea pode sentir que h\u00e1 uma tremenda acelera\u00e7\u00e3o em dire\u00e7\u00e3o a esse alinhamento.<\/p>\n\n\n\n<p>Saiba que os Equin\u00f3cios e os Solst\u00edcios, os Ciclos de Eclipses e as muitas mudan\u00e7as astrol\u00f3gicas significativas deste ano, juntamente com a aproxima\u00e7\u00e3o da Terra ao centro da gal\u00e1xia, est\u00e3o TODOS alimentando essa enorme mudan\u00e7a evolutiva e expans\u00e3o da consci\u00eancia.<\/p>\n\n\n\n<p>O prop\u00f3sito maior da sua vida \u00e9 evoluir e, ao fazer isso, evoluir e servir \u00e0 humanidade compartilhando sua presen\u00e7a e seus dons.<\/p>\n\n\n\n<p>Lembrem-se, queridos amigos, de que voc\u00eas est\u00e3o aqui como portadores de frequ\u00eancia. \u00c2ncoras e condutores de luz superior. Voc\u00eas est\u00e3o aqui para expandir os limites para novos territ\u00f3rios e incorporar essas energias, emanando-as para o coletivo e demonstrando o potencial de evoluir para uma express\u00e3o de luz superior.<\/p>\n\n\n\n<p>Seja quem voc\u00ea veio aqui para ser, com confian\u00e7a e orgulho. Voc\u00ea est\u00e1 realizando tudo o que se prop\u00f4s a realizar. Voc\u00ea veio aqui para lembrar, reorientar, abrir-se e permitir o restabelecimento do fluxo divino. Para ascender com o seu planeta e este mundo a um novo reino de presen\u00e7a e express\u00e3o.<\/p>\n\n\n\n<p>Voc\u00ea est\u00e1 progredindo muito. Estamos aqui para apoiar e ajudar. Voc\u00ea sabia, quando chegou, que sempre encontraria uma maneira de transformar, evoluir, mudar ou modificar qualquer situa\u00e7\u00e3o que sentisse que pudesse ser elevada, melhorada, expandida, esclarecida e at\u00e9 mesmo\u2026 Exaltada.<\/p>\n\n\n\n<p>Este Solst\u00edcio \u00e9 um momento maravilhoso para trabalhar com luz superior e fazer exatamente isso: transformar situa\u00e7\u00f5es em sua vida que voc\u00ea sente que est\u00e3o prontas para mudan\u00e7a.<\/p>\n\n\n\n<p>Convidamos voc\u00ea a participar de uma cocria\u00e7\u00e3o coletiva conosco e uns com os outros neste Solst\u00edcio.<\/p>\n\n\n\n<p>Gostar\u00edamos de compartilhar mais sobre como voc\u00ea pode usar o poder da sua presen\u00e7a para criar e transformar essas \u00e1reas da sua vida e proporcionar-lhe uma experi\u00eancia interior guiada para isso, em um ambiente energizado e acolhedor.<\/p>\n\n\n\n<p>Juntos, tamb\u00e9m faremos e vivenciaremos um trabalho de energia e luz focado em gerar resultados benevolentes para voc\u00ea, sua fam\u00edlia humana e toda a Vida na Terra. E, claro, nos abriremos para as perspectivas e energias expandidas deste poderoso alinhamento do Solst\u00edcio, para que voc\u00ea possa aproveit\u00e1-lo ao m\u00e1ximo, recebendo as energias relevantes e ben\u00e9ficas PARA VOC\u00ca.<\/p>\n\n\n\n<p>Amado \u2014 Voc\u00ea \u00e9 um ser senciente projetado para estados tremendamente belos de criatividade, expans\u00e3o, j\u00fabilo e amor radiante e bem-estar.<\/p>\n\n\n\n<p>O conhecimento interior e a paz interior que voc\u00ea pode encontrar em seu cora\u00e7\u00e3o multidimensional podem tornar isso real para voc\u00ea.<\/p>\n\n\n\n<p>Agora, mais do que nunca, \u00e9 poss\u00edvel centralizar e vivenciar essas realidades.<\/p>\n\n\n\n<p>Ouse viver como o Ser Eterno e Infinito que voc\u00ea realmente \u00e9, aqui. Empoderado, conscientemente multidimensional, em constante evolu\u00e7\u00e3o e expans\u00e3o, conectando-se ao fluxo infinito da Fonte Divina, permitindo que a Vida o preencha.<\/p>\n\n\n\n<p>N\u00f3s te amamos muito!<\/p>\n\n\n\n<p>N\u00f3s somos os ANG\u00c9LICOS.<\/p>\n\n\n\n<p>~ Eu Sou o Arcanjo Miguel, com Ailia, Ashira, Ser\u00e1pis Bey, o Anjo Universal Maria, o Alto Conselho de Andr\u00f4meda, os Arcturianos, o Arcanjo Metatron, Melquisedeque, o Avatar da S\u00edntese, Melchior, os Drag\u00f5es Gal\u00e1cticos e o Conselho da Luz Radiante.<\/p>\n\n\n\n<p>Desejamos a voc\u00eas um dia maravilhoso!<\/p>\n\n\n\n<p>Formata\u00e7\u00e3o e tradu\u00e7\u00e3o \u2013 Blog De Cora\u00e7\u00e3o a Cora\u00e7\u00e3o<\/p>\n\n\n\n<figure class=\"wp-block-embed\"><div class=\"wp-block-embed__wrapper\">\nhttp:\/\/www.decoracaoacoracao.blog.br\/\n<\/div><\/figure>\n\n\n\n<figure class=\"wp-block-embed\"><div class=\"wp-block-embed__wrapper\">\nhttp:\/\/stelalecocq.blogspot.com\n<\/div><\/figure>\n\n\n\n<figure class=\"wp-block-embed\"><div class=\"wp-block-embed__wrapper\">\nhttps:\/\/lecocq.wordpress.com\n<\/div><\/figure>\n\n\n\n<p>Instagram \u2013 @blogdecoracaoacoracao<\/p>\n\n\n\n<p>Informa\u00e7\u00f5es e Agendamentos para Mesa Qu\u00e2ntica Estelar, Mesa Pet, Mesa Qu\u00e2ntica 2.0, Florais de Bach, Sistema Regenerador Ashtariano, Sistema Arcturiano de Cura Multidimensional \u2013 lecocqmuller@gmail.com<\/p>\n\n\n\n<p>E-book \u201cMensagens dos Mestres \u2013 De Cora\u00e7\u00e3o a Cora\u00e7\u00e3o\u201d \u2013 https:\/\/mensagensdosmestres.blogspot.com\/<\/p>\n\n\n\n<figure class=\"wp-block-embed\"><div class=\"wp-block-embed__wrapper\">\nhttps:\/\/expectwonderful.com\/junesolstice-2025\n<\/div><\/figure>\n\n\n\n<p>Respeite todos os cr\u00e9ditos ao compartilhar<\/p>\n\n\n\n<p>LUZ!<\/p>\n\n\n\n<p>STELA<\/p>\n","protected":false},"excerpt":{"rendered":"<p>Uma mensagem do ARCANJO MIGUEL, dos DRAG\u00d5ES GAL\u00c1CTICOS e do CONSELHO DA LUZ RADIANTE Atrav\u00e9s de Ailia Mira CONVITE PARA O SOLST\u00cdCIO continua\u00e7\u00e3o Sabemos que este ano foi o mais desafiador de todos para muitos de voc\u00eas. Esta semana e a semana passada foram talvez as mais intensas e desafiadoras deste ano excepcional. Portanto, se [&hellip;]<\/p>\n","protected":false},"author":1,"featured_media":0,"comment_status":"open","ping_status":"open","sticky":false,"template":"","format":"standard","meta":{"_mi_skip_tracking":false},"categories":[3],"tags":[],"_links":{"self":[{"href":"https:\/\/www.miguelfaccio.com.br\/blog\/index.php\/wp-json\/wp\/v2\/posts\/19525"}],"collection":[{"href":"https:\/\/www.miguelfaccio.com.br\/blog\/index.php\/wp-json\/wp\/v2\/posts"}],"about":[{"href":"https:\/\/www.miguelfaccio.com.br\/blog\/index.php\/wp-json\/wp\/v2\/types\/post"}],"author":[{"embeddable":true,"href":"https:\/\/www.miguelfaccio.com.br\/blog\/index.php\/wp-json\/wp\/v2\/users\/1"}],"replies":[{"embeddable":true,"href":"https:\/\/www.miguelfaccio.com.br\/blog\/index.php\/wp-json\/wp\/v2\/comments?post=19525"}],"version-history":[{"count":1,"href":"https:\/\/www.miguelfaccio.com.br\/blog\/index.php\/wp-json\/wp\/v2\/posts\/19525\/revisions"}],"predecessor-version":[{"id":19526,"href":"https:\/\/www.miguelfaccio.com.br\/blog\/index.php\/wp-json\/wp\/v2\/posts\/19525\/revisions\/19526"}],"wp:attachment":[{"href":"https:\/\/www.miguelfaccio.com.br\/blog\/index.php\/wp-json\/wp\/v2\/media?parent=19525"}],"wp:term":[{"taxonomy":"category","embeddable":true,"href":"https:\/\/www.miguelfaccio.com.br\/blog\/index.php\/wp-json\/wp\/v2\/categories?post=19525"},{"taxonomy":"post_tag","embeddable":true,"href":"https:\/\/www.miguelfaccio.com.br\/blog\/index.php\/wp-json\/wp\/v2\/tags?post=19525"}],"curies":[{"name":"wp","href":"https:\/\/api.w.org\/{rel}","templated":true}]}}