{"id":19523,"date":"2025-06-22T08:45:11","date_gmt":"2025-06-22T11:45:11","guid":{"rendered":"https:\/\/www.miguelfaccio.com.br\/blog\/?p=19523"},"modified":"2025-06-22T08:45:14","modified_gmt":"2025-06-22T11:45:14","slug":"plv4136-livro-28-diario-13-01-2023","status":"publish","type":"post","link":"https:\/\/www.miguelfaccio.com.br\/blog\/index.php\/plv4136-livro-28-diario-13-01-2023\/","title":{"rendered":"PLV4136 \u2013 Livro 28 \u2013 Di\u00e1rio, 13\/01\/2023"},"content":{"rendered":"\n<p class=\"has-text-align-right\"><strong>13\/01\/2023<\/strong><\/p>\n\n\n\n<p>As dificuldades da vida, eventualmente vem do conhecimento que se est\u00e1 experienciando. Mas, com certeza, a maioria delas vem mesmo, como consequ\u00eancia de nossas cria\u00e7\u00f5es. Aqueles que n\u00e3o s\u00e3o capazes de reconhecer essa realidade como inerente \u00e0 cada individualidade, simplesmente pelo dito do Cristo, \u201c<em>a semeadura \u00e9 livre, mas a colheita \u00e9 obrigat\u00f3ria<\/em>\u201d. Quem semeou, precisa colher, quem criou, precisa ressarcir. Uma forma melhor de entendimento est\u00e1 na pr\u00f3pria ci\u00eancia dos homens, que diz: \u201c<em>a todo o ato, h\u00e1 um outro ato na mesma intensidade, mas em sentido contr\u00e1rio<\/em>\u201d. Isso quer dizer que todo o ato, palavra ou pensamento, criam um outro ato, que retornar\u00e1 em sentido contr\u00e1rio para quem o criou. De todas as formas, a vida \u00e9 uma soma de consequ\u00eancias. O ser humano \u00e9 t\u00e3o imaturo que continua criando pedras para seu caminho. Isso continuar\u00e1 a acontecer enquanto o consciente do ser humano n\u00e3o conseguir elevar suas atitudes acima da mat\u00e9ria. A mat\u00e9ria, atrai, prende, d\u00e1 satisfa\u00e7\u00e3o imediata nas procuras do ser humano. De certa forma isso impede que se desenvolva a parte do agregado humano que diz respeito a seu esp\u00edrito, obrigando-o a permanecer patinando nas reencarna\u00e7\u00f5es em corpos f\u00edsicos. Para haver uma boa evolu\u00e7\u00e3o h\u00e1 a necessidade, tamb\u00e9m, da uni\u00e3o da mat\u00e9ria e do esp\u00edrito. Ambos precisam evoluir juntos, ambos se necessitam e se complementam.<\/p>\n","protected":false},"excerpt":{"rendered":"<p>13\/01\/2023 As dificuldades da vida, eventualmente vem do conhecimento que se est\u00e1 experienciando. Mas, com certeza, a maioria delas vem mesmo, como consequ\u00eancia de nossas cria\u00e7\u00f5es. Aqueles que n\u00e3o s\u00e3o capazes de reconhecer essa realidade como inerente \u00e0 cada individualidade, simplesmente pelo dito do Cristo, \u201ca semeadura \u00e9 livre, mas a colheita \u00e9 obrigat\u00f3ria\u201d. Quem [&hellip;]<\/p>\n","protected":false},"author":1,"featured_media":0,"comment_status":"open","ping_status":"open","sticky":false,"template":"","format":"standard","meta":{"_mi_skip_tracking":false},"categories":[34],"tags":[],"_links":{"self":[{"href":"https:\/\/www.miguelfaccio.com.br\/blog\/index.php\/wp-json\/wp\/v2\/posts\/19523"}],"collection":[{"href":"https:\/\/www.miguelfaccio.com.br\/blog\/index.php\/wp-json\/wp\/v2\/posts"}],"about":[{"href":"https:\/\/www.miguelfaccio.com.br\/blog\/index.php\/wp-json\/wp\/v2\/types\/post"}],"author":[{"embeddable":true,"href":"https:\/\/www.miguelfaccio.com.br\/blog\/index.php\/wp-json\/wp\/v2\/users\/1"}],"replies":[{"embeddable":true,"href":"https:\/\/www.miguelfaccio.com.br\/blog\/index.php\/wp-json\/wp\/v2\/comments?post=19523"}],"version-history":[{"count":1,"href":"https:\/\/www.miguelfaccio.com.br\/blog\/index.php\/wp-json\/wp\/v2\/posts\/19523\/revisions"}],"predecessor-version":[{"id":19524,"href":"https:\/\/www.miguelfaccio.com.br\/blog\/index.php\/wp-json\/wp\/v2\/posts\/19523\/revisions\/19524"}],"wp:attachment":[{"href":"https:\/\/www.miguelfaccio.com.br\/blog\/index.php\/wp-json\/wp\/v2\/media?parent=19523"}],"wp:term":[{"taxonomy":"category","embeddable":true,"href":"https:\/\/www.miguelfaccio.com.br\/blog\/index.php\/wp-json\/wp\/v2\/categories?post=19523"},{"taxonomy":"post_tag","embeddable":true,"href":"https:\/\/www.miguelfaccio.com.br\/blog\/index.php\/wp-json\/wp\/v2\/tags?post=19523"}],"curies":[{"name":"wp","href":"https:\/\/api.w.org\/{rel}","templated":true}]}}