{"id":19521,"date":"2025-06-21T10:16:04","date_gmt":"2025-06-21T13:16:04","guid":{"rendered":"https:\/\/www.miguelfaccio.com.br\/blog\/?p=19521"},"modified":"2025-06-21T10:16:07","modified_gmt":"2025-06-21T13:16:07","slug":"rcd4082-raios-ou-chamas","status":"publish","type":"post","link":"https:\/\/www.miguelfaccio.com.br\/blog\/index.php\/rcd4082-raios-ou-chamas\/","title":{"rendered":"RCD4082 Raios ou Chamas"},"content":{"rendered":"\n<p>Uma mensagem do ARCANJO MIGUEL, dos DRAG\u00d5ES <br>GAL\u00c1CTICOS e do CONSELHO DA LUZ RADIANTE <br>Atrav\u00e9s de Ailia Mira<\/p>\n\n\n\n<p>CONVITE PARA O SOLST\u00cdCIO<\/p>\n\n\n\n<p>continua\u00e7\u00e3o<\/p>\n\n\n\n<p>Seu desejo \u00e9 divinamente concedido. O que voc\u00ea quer e quem voc\u00ea \u00e9 est\u00e3o inextricavelmente interligados. Voc\u00ea est\u00e1 presente aqui e naturalmente tem prefer\u00eancias e respostas ao que sabe, v\u00ea, vivencia e sente, e isso o ajuda a saber em que voc\u00ea gostaria de evoluir, se tornar, vivenciar e, em ess\u00eancia, CRIAR.<\/p>\n\n\n\n<p>A Luz dentro de voc\u00ea \u00c9 FORTALECIDA, \u00e9 criativa. \u00c0 medida que voc\u00ea se concentra e sente a Vida que est\u00e1 escolhendo\u2026 \u00c0 medida que voc\u00ea aprecia as coisas em sua vida que ama e aprecia\u2026<\/p>\n\n\n\n<p>\u00c0 medida que voc\u00ea reconhece h\u00e1bitos de pensamento enfraquecedores, maneiras condicionadas pelas quais voc\u00ea foi ensinado a se limitar, a sentir medo e a se moldar para se adequar \u00e0s expectativas externas, voc\u00ea pode mudar esses padr\u00f5es escolhendo algo mais verdadeiro, mais natural, mais alinhado com o que lhe faz bem.<\/p>\n\n\n\n<p>Voc\u00ea pretendia vir aqui e se centrar dentro de si mesmo, ouvindo a si mesmo, prestando aten\u00e7\u00e3o em si mesmo e, a partir disso, cuidando muito bem de si mesmo.<\/p>\n\n\n\n<p>Quando voc\u00ea faz isso, voc\u00ea prospera.<\/p>\n\n\n\n<p>Para se sentir poderoso e livre para criar, voc\u00ea primeiro precisa se sentir relaxado, descansado, em paz e seguro. Seguro para querer o que quiser. Seguro para ser quem voc\u00ea quiser ser.<\/p>\n\n\n\n<p>Ent\u00e3o, parte disso \u00e9 mentalidade e parte \u00e9 aprender a acessar aquele ref\u00fagio no seu centro card\u00edaco, onde voc\u00ea pode acessar sentimentos de imenso amor, apoio, serenidade, clareza e a firmeza de estar em alinhamento com Tudo-O-Que-Voc\u00ea-\u00c9.<\/p>\n\n\n\n<p>Nesse santu\u00e1rio interior, voc\u00ea sempre pode entrar em unidade e harmonia e encontrar paz. H\u00e1 tamb\u00e9m muitas t\u00e9cnicas e abordagens dispon\u00edveis para acalmar seu sistema nervoso \u2014 cantarolar enquanto lava a lou\u00e7a, cantarolar m\u00fasicas no carro, conectar-se com a natureza, respirar 4-7-8, fazer EFT (T\u00e9cnica de Liberta\u00e7\u00e3o Emocional), usar um cobertor pesado, abra\u00e7ar seu gato ou cachorro, ou um amigo.<\/p>\n\n\n\n<p>Voc\u00ea pode procurar e experimentar diferentes abordagens at\u00e9 encontrar aquelas que funcionam melhor para voc\u00ea e, ent\u00e3o, USAR.<\/p>\n\n\n\n<p>Sentir-se ansioso, ter dificuldade para dormir, ter problemas digestivos, ter dores musculares por tens\u00e3o, sentir-se facilmente irritado, sentir medo de coisas que est\u00e3o no futuro \u2014 todos esses s\u00e3o sinais de que voc\u00ea pode se beneficiar ao acalmar a si mesmo e seu sistema nervoso, voltando ao centro.<\/p>\n\n\n\n<p>Voc\u00ea est\u00e1 incorporando uma vers\u00e3o de si mesmo que vem cada vez mais de express\u00f5es dimensionais mais elevadas, onde a conex\u00e3o consciente e a unidade s\u00e3o a norma. Onde conhecer a Unidade que \u00e9 Tudo \u00e9 o modo de ser que \u00c9 e, com isso, o amor incondicional \u00e9 quem voc\u00ea \u00e9 e como a Vida se sente em rela\u00e7\u00e3o a VOC\u00ca.<\/p>\n\n\n\n<p>Permita-se estar centrado e alinhado para que voc\u00ea possa acessar esses estados de ser. Essa luz est\u00e1 se estabelecendo dentro de voc\u00ea e isso muda tudo.<\/p>\n\n\n\n<p>Voc\u00ea est\u00e1 prestes a descobrir novas maneiras de viver e maneiras excepcionalmente divertidas de cocriar.<\/p>\n\n\n\n<p>Estamos animados por voc\u00ea enquanto voc\u00ea descobre o poder acelerador da sua presen\u00e7a.<\/p>\n\n\n\n<p>continua<\/p>\n","protected":false},"excerpt":{"rendered":"<p>Uma mensagem do ARCANJO MIGUEL, dos DRAG\u00d5ES GAL\u00c1CTICOS e do CONSELHO DA LUZ RADIANTE Atrav\u00e9s de Ailia Mira CONVITE PARA O SOLST\u00cdCIO continua\u00e7\u00e3o Seu desejo \u00e9 divinamente concedido. O que voc\u00ea quer e quem voc\u00ea \u00e9 est\u00e3o inextricavelmente interligados. Voc\u00ea est\u00e1 presente aqui e naturalmente tem prefer\u00eancias e respostas ao que sabe, v\u00ea, vivencia e [&hellip;]<\/p>\n","protected":false},"author":1,"featured_media":0,"comment_status":"open","ping_status":"open","sticky":false,"template":"","format":"standard","meta":{"_mi_skip_tracking":false},"categories":[3],"tags":[],"_links":{"self":[{"href":"https:\/\/www.miguelfaccio.com.br\/blog\/index.php\/wp-json\/wp\/v2\/posts\/19521"}],"collection":[{"href":"https:\/\/www.miguelfaccio.com.br\/blog\/index.php\/wp-json\/wp\/v2\/posts"}],"about":[{"href":"https:\/\/www.miguelfaccio.com.br\/blog\/index.php\/wp-json\/wp\/v2\/types\/post"}],"author":[{"embeddable":true,"href":"https:\/\/www.miguelfaccio.com.br\/blog\/index.php\/wp-json\/wp\/v2\/users\/1"}],"replies":[{"embeddable":true,"href":"https:\/\/www.miguelfaccio.com.br\/blog\/index.php\/wp-json\/wp\/v2\/comments?post=19521"}],"version-history":[{"count":1,"href":"https:\/\/www.miguelfaccio.com.br\/blog\/index.php\/wp-json\/wp\/v2\/posts\/19521\/revisions"}],"predecessor-version":[{"id":19522,"href":"https:\/\/www.miguelfaccio.com.br\/blog\/index.php\/wp-json\/wp\/v2\/posts\/19521\/revisions\/19522"}],"wp:attachment":[{"href":"https:\/\/www.miguelfaccio.com.br\/blog\/index.php\/wp-json\/wp\/v2\/media?parent=19521"}],"wp:term":[{"taxonomy":"category","embeddable":true,"href":"https:\/\/www.miguelfaccio.com.br\/blog\/index.php\/wp-json\/wp\/v2\/categories?post=19521"},{"taxonomy":"post_tag","embeddable":true,"href":"https:\/\/www.miguelfaccio.com.br\/blog\/index.php\/wp-json\/wp\/v2\/tags?post=19521"}],"curies":[{"name":"wp","href":"https:\/\/api.w.org\/{rel}","templated":true}]}}