{"id":19519,"date":"2025-06-21T10:12:33","date_gmt":"2025-06-21T13:12:33","guid":{"rendered":"https:\/\/www.miguelfaccio.com.br\/blog\/?p=19519"},"modified":"2025-06-21T10:12:36","modified_gmt":"2025-06-21T13:12:36","slug":"plv4135-livro-28-diario-12-01-2023","status":"publish","type":"post","link":"https:\/\/www.miguelfaccio.com.br\/blog\/index.php\/plv4135-livro-28-diario-12-01-2023\/","title":{"rendered":"PLV4135 \u2013 Livro 28 \u2013 Di\u00e1rio, 12\/01\/2023"},"content":{"rendered":"\n<p class=\"has-text-align-right\"><strong>12\/01\/2023<\/strong><\/p>\n\n\n\n<p>As horas passam, os dias passam, e para muitos passa tamb\u00e9m a esperan\u00e7a de fazer deste pa\u00eds, a P\u00e1tria do Evangelho. H\u00e1 muito j\u00e1 fora designado este pa\u00eds a P\u00e1tria do Evangelho. Queira Deus, e com a ajuda de nossos maiores do plano superior, tamb\u00e9m consigamos estabelecer esta grande divisa para a humanidade. \u00c9 claro que um pouco depende de nossa parte tamb\u00e9m. Os nossos pensamentos se agregam a grande quantidade de seres que pensam da mesma forma. A soma de nossos pensamentos pesa na soma geral e influi na efetiva\u00e7\u00e3o deste grande marco para a humanidade vindoura. Apesar de que possam haver outros par\u00e2metros no computo geral da quinta dimens\u00e3o, a que estamos entrando agora. O principal \u00e9 que precisamos estar constantemente com a mente ligada no principal objetivo que temos agora, que \u00e9 a entrada na quinta dimens\u00e3o, nos desligando totalmente das provas e expia\u00e7\u00f5es que oportuniza a dedica\u00e7\u00e3o total no pr\u00f3prio desenvolvimento, aprendendo a criar e recriar o pr\u00f3prio universo. Antes faz\u00edamos sem mesmo saber, agora se far\u00e1 com consci\u00eancia e entendimento, se faz com a certeza que se faz para o pr\u00f3prio desenvolvimento. \u00c9 aqui que est\u00e1 a import\u00e2ncia do acesso \u00e0 quinta dimens\u00e3o. Os passos que antecedem a quinta dimens\u00e3o s\u00e3o todos, prepara\u00e7\u00e3o para o acesso da individualidade consciente na sua evolu\u00e7\u00e3o consciente.<\/p>\n","protected":false},"excerpt":{"rendered":"<p>12\/01\/2023 As horas passam, os dias passam, e para muitos passa tamb\u00e9m a esperan\u00e7a de fazer deste pa\u00eds, a P\u00e1tria do Evangelho. H\u00e1 muito j\u00e1 fora designado este pa\u00eds a P\u00e1tria do Evangelho. Queira Deus, e com a ajuda de nossos maiores do plano superior, tamb\u00e9m consigamos estabelecer esta grande divisa para a humanidade. \u00c9 [&hellip;]<\/p>\n","protected":false},"author":1,"featured_media":0,"comment_status":"open","ping_status":"open","sticky":false,"template":"","format":"standard","meta":{"_mi_skip_tracking":false},"categories":[34],"tags":[],"_links":{"self":[{"href":"https:\/\/www.miguelfaccio.com.br\/blog\/index.php\/wp-json\/wp\/v2\/posts\/19519"}],"collection":[{"href":"https:\/\/www.miguelfaccio.com.br\/blog\/index.php\/wp-json\/wp\/v2\/posts"}],"about":[{"href":"https:\/\/www.miguelfaccio.com.br\/blog\/index.php\/wp-json\/wp\/v2\/types\/post"}],"author":[{"embeddable":true,"href":"https:\/\/www.miguelfaccio.com.br\/blog\/index.php\/wp-json\/wp\/v2\/users\/1"}],"replies":[{"embeddable":true,"href":"https:\/\/www.miguelfaccio.com.br\/blog\/index.php\/wp-json\/wp\/v2\/comments?post=19519"}],"version-history":[{"count":1,"href":"https:\/\/www.miguelfaccio.com.br\/blog\/index.php\/wp-json\/wp\/v2\/posts\/19519\/revisions"}],"predecessor-version":[{"id":19520,"href":"https:\/\/www.miguelfaccio.com.br\/blog\/index.php\/wp-json\/wp\/v2\/posts\/19519\/revisions\/19520"}],"wp:attachment":[{"href":"https:\/\/www.miguelfaccio.com.br\/blog\/index.php\/wp-json\/wp\/v2\/media?parent=19519"}],"wp:term":[{"taxonomy":"category","embeddable":true,"href":"https:\/\/www.miguelfaccio.com.br\/blog\/index.php\/wp-json\/wp\/v2\/categories?post=19519"},{"taxonomy":"post_tag","embeddable":true,"href":"https:\/\/www.miguelfaccio.com.br\/blog\/index.php\/wp-json\/wp\/v2\/tags?post=19519"}],"curies":[{"name":"wp","href":"https:\/\/api.w.org\/{rel}","templated":true}]}}