{"id":19517,"date":"2025-06-20T08:46:30","date_gmt":"2025-06-20T11:46:30","guid":{"rendered":"https:\/\/www.miguelfaccio.com.br\/blog\/?p=19517"},"modified":"2025-06-20T08:46:32","modified_gmt":"2025-06-20T11:46:32","slug":"rcd4081-raios-ou-chamas","status":"publish","type":"post","link":"https:\/\/www.miguelfaccio.com.br\/blog\/index.php\/rcd4081-raios-ou-chamas\/","title":{"rendered":"RCD4081 Raios ou Chamas"},"content":{"rendered":"\n<p class=\"has-text-align-right\"><strong>Uma mensagem do ARCANJO MIGUEL, dos DRAG\u00d5ES <br>GAL\u00c1CTICOS e do CONSELHO DA LUZ RADIANTE <br>Atrav\u00e9s de Ailia Mira<\/strong><\/p>\n\n\n\n<p>CONVITE PARA O SOLST\u00cdCIO<\/p>\n\n\n\n<p>17 de junho de 2025<\/p>\n\n\n\n<p>Divinos,<\/p>\n\n\n\n<p>N\u00f3s os saudamos com amor.<\/p>\n\n\n\n<p>Estamos felizes em nos conectar com voc\u00ea agora, desta forma, e oferecemos a voc\u00ea, hoje, um convite para se juntar a n\u00f3s para uma Celebra\u00e7\u00e3o do Solst\u00edcio \u2014 um evento global ao vivo, no qual compartilharemos transmiss\u00f5es e energias ativadoras com voc\u00ea, que o apoiam\u2026<\/p>\n\n\n\n<p>Para que voc\u00ea possa \u2014 com facilidade, alegria e confian\u00e7a , e com um profundo senso de conhecimento e conex\u00e3o interior \u2014 experimentar a expans\u00e3o inevit\u00e1vel do seu ser e come\u00e7ar a entender e acessar os novos modos de cocria\u00e7\u00e3o dispon\u00edveis para voc\u00ea agora!<\/p>\n\n\n\n<p>Sabemos que voc\u00ea est\u00e1 sentindo mudan\u00e7as grandes, profundas e sutis, profundas e inexplic\u00e1veis \u200b\u200bacontecendo dentro de voc\u00ea. Voc\u00ea est\u00e1 certo em perceber isso.<\/p>\n\n\n\n<p>Sua forma f\u00edsica est\u00e1 profundamente engajada em evoluir para permitir a integra\u00e7\u00e3o e a personifica\u00e7\u00e3o da sua pr\u00f3pria presen\u00e7a EU SOU.<\/p>\n\n\n\n<p>Ao fazer isso, sua presen\u00e7a se torna multidimensional e voc\u00ea incorpora as capacidades que s\u00e3o suas e que complementam esta express\u00e3o de vida, agora, \u00e0 medida que voc\u00ea passa a viver em uma express\u00e3o de luz superior e permite o fluxo do seu verdadeiro Eu aqui.<\/p>\n\n\n\n<p>Esta evolu\u00e7\u00e3o expandir\u00e1 seu quociente de luz e, para alcan\u00e7\u00e1-la, voc\u00ea se ver\u00e1 cada vez mais diante de oportunidades de ser incondicional em seu amor e incondicional na cria\u00e7\u00e3o de seu estado de ser.<\/p>\n\n\n\n<p>Este convite para se orientar internamente, para reconhecer a realidade interior como prim\u00e1ria, criativa e geradora de uma experi\u00eancia externa refletida, \u00e9 uma mudan\u00e7a que voc\u00ea vem considerando e experimentando, e AGORA \u00c9 A HORA de se alinhar plenamente com essa forma fortalecida de ser e se tornar o Criador encarnado que voc\u00ea pretendia ser quando chegou aqui.<\/p>\n\n\n\n<p>Os convites que voc\u00ea receber\u00e1 n\u00e3o s\u00e3o para desafi\u00e1-lo, mas para que voc\u00ea possa DESCOBRIR e LEMBRAR-SE das capacidades c\u00f3smicas do CRIADOR presentes em sua consci\u00eancia.<\/p>\n\n\n\n<p>Ao se dispor a envolver esses poderosos poderes criativos em sua consci\u00eancia , voc\u00ea descobre que, de fato, j\u00e1 \u00e9 livre. J\u00e1 \u00e9 capaz. J\u00e1 \u200b\u200b\u00e9 capacitado para sentir o que deseja e para incorporar, por escolha e inten\u00e7\u00e3o, a vers\u00e3o de si mesmo que agora deseja ser.<\/p>\n\n\n\n<p>Ao fazer isso, o Universo se reorganiza para acomodar a realidade que voc\u00ea est\u00e1 incorporando \u2014 e a reflete de volta para voc\u00ea, em experi\u00eancias internas e externas.<\/p>\n\n\n\n<p>Voc\u00ea n\u00e3o veio aqui apenas para surfar nas ondas dessa luz cada vez maior, mas para CRIAR. Voc\u00ea veio aqui para criar quem voc\u00ea \u00e9 e para criar sua vis\u00e3o de como gostaria de expressar e vivenciar sua vida. E voc\u00ea faz isso aprendendo a se alinhar, acreditar e incorporar a vis\u00e3o da sua Vida que voc\u00ea deseja.<\/p>\n\n\n\n<p>continua<\/p>\n","protected":false},"excerpt":{"rendered":"<p>Uma mensagem do ARCANJO MIGUEL, dos DRAG\u00d5ES GAL\u00c1CTICOS e do CONSELHO DA LUZ RADIANTE Atrav\u00e9s de Ailia Mira CONVITE PARA O SOLST\u00cdCIO 17 de junho de 2025 Divinos, N\u00f3s os saudamos com amor. Estamos felizes em nos conectar com voc\u00ea agora, desta forma, e oferecemos a voc\u00ea, hoje, um convite para se juntar a n\u00f3s [&hellip;]<\/p>\n","protected":false},"author":1,"featured_media":0,"comment_status":"open","ping_status":"open","sticky":false,"template":"","format":"standard","meta":{"_mi_skip_tracking":false},"categories":[3],"tags":[],"_links":{"self":[{"href":"https:\/\/www.miguelfaccio.com.br\/blog\/index.php\/wp-json\/wp\/v2\/posts\/19517"}],"collection":[{"href":"https:\/\/www.miguelfaccio.com.br\/blog\/index.php\/wp-json\/wp\/v2\/posts"}],"about":[{"href":"https:\/\/www.miguelfaccio.com.br\/blog\/index.php\/wp-json\/wp\/v2\/types\/post"}],"author":[{"embeddable":true,"href":"https:\/\/www.miguelfaccio.com.br\/blog\/index.php\/wp-json\/wp\/v2\/users\/1"}],"replies":[{"embeddable":true,"href":"https:\/\/www.miguelfaccio.com.br\/blog\/index.php\/wp-json\/wp\/v2\/comments?post=19517"}],"version-history":[{"count":1,"href":"https:\/\/www.miguelfaccio.com.br\/blog\/index.php\/wp-json\/wp\/v2\/posts\/19517\/revisions"}],"predecessor-version":[{"id":19518,"href":"https:\/\/www.miguelfaccio.com.br\/blog\/index.php\/wp-json\/wp\/v2\/posts\/19517\/revisions\/19518"}],"wp:attachment":[{"href":"https:\/\/www.miguelfaccio.com.br\/blog\/index.php\/wp-json\/wp\/v2\/media?parent=19517"}],"wp:term":[{"taxonomy":"category","embeddable":true,"href":"https:\/\/www.miguelfaccio.com.br\/blog\/index.php\/wp-json\/wp\/v2\/categories?post=19517"},{"taxonomy":"post_tag","embeddable":true,"href":"https:\/\/www.miguelfaccio.com.br\/blog\/index.php\/wp-json\/wp\/v2\/tags?post=19517"}],"curies":[{"name":"wp","href":"https:\/\/api.w.org\/{rel}","templated":true}]}}