{"id":19515,"date":"2025-06-20T08:43:15","date_gmt":"2025-06-20T11:43:15","guid":{"rendered":"https:\/\/www.miguelfaccio.com.br\/blog\/?p=19515"},"modified":"2025-06-20T08:43:18","modified_gmt":"2025-06-20T11:43:18","slug":"plv4134-livro-28-diario-11-01-2023","status":"publish","type":"post","link":"https:\/\/www.miguelfaccio.com.br\/blog\/index.php\/plv4134-livro-28-diario-11-01-2023\/","title":{"rendered":"PLV4134 \u2013 Livro 28 \u2013 Di\u00e1rio, 11\/01\/2023"},"content":{"rendered":"\n<p class=\"has-text-align-right\"><strong>11\/01\/2023<\/strong><\/p>\n\n\n\n<p>O povo brasileiro j\u00e1 est\u00e1 em desespero, ao menos os brasileiros de verdade, aqueles que nunca deixaram se comprar por um p\u00e3o e mortadela. Os que querem a baderna, os que querem a destrui\u00e7\u00e3o, continuam sempre \u00e0 busca de uma oportunidade para destilar seu veneno. Est\u00e1 na hora de haver uma limpeza na pol\u00edtica da Na\u00e7\u00e3o para que n\u00e3o se transforme em P\u00e1tria da degrada\u00e7\u00e3o. Ao menos aqui no Brasil, pelo que parece, a coisa continua de mal para pior. S\u00f3 me pergunto, onde fica a quinta dimens\u00e3o? Aqui, est\u00e1 dif\u00edcil distinguir algo diferente das grandes escaramu\u00e7as havidas no passado, quando do implante do comunismo em pa\u00edses asi\u00e1ticos e europeus. Promessas, tem-se muitas, mas algo efetivo, n\u00e3o se v\u00ea. Sei, que os par\u00e2metros l\u00e1 de cima s\u00e3o diferentes dos nossos. Mas, j\u00e1 que ventilaram suas palavras aos quatro ventos, ent\u00e3o, que cumpram. Ou, ser\u00e1 que precisar\u00e1 correr sangue de irm\u00e3os e inocentes para satisfazer a vol\u00fapia devastadora que os cavalos de batalha das sombras precisam para saciar-se enchendo suas bocas e cora\u00e7\u00f5es de sangue de nossos irm\u00e3os? Estamos entre a cruz e a caldeirinha. Quem de direito para resolver essa situa\u00e7\u00e3o, as for\u00e7as armadas, parece que n\u00e3o est\u00e3o nem a\u00ed, ou, qui\u00e7\u00e1 j\u00e1 se juntaram, aguardando s\u00f3 a troca dos bot\u00f5es dourados pelos vermelhos. Mais do que nunca, o socorro dos c\u00e9us est\u00e1 sendo necess\u00e1rio.<\/p>\n","protected":false},"excerpt":{"rendered":"<p>11\/01\/2023 O povo brasileiro j\u00e1 est\u00e1 em desespero, ao menos os brasileiros de verdade, aqueles que nunca deixaram se comprar por um p\u00e3o e mortadela. Os que querem a baderna, os que querem a destrui\u00e7\u00e3o, continuam sempre \u00e0 busca de uma oportunidade para destilar seu veneno. Est\u00e1 na hora de haver uma limpeza na pol\u00edtica [&hellip;]<\/p>\n","protected":false},"author":1,"featured_media":0,"comment_status":"open","ping_status":"open","sticky":false,"template":"","format":"standard","meta":{"_mi_skip_tracking":false},"categories":[34],"tags":[],"_links":{"self":[{"href":"https:\/\/www.miguelfaccio.com.br\/blog\/index.php\/wp-json\/wp\/v2\/posts\/19515"}],"collection":[{"href":"https:\/\/www.miguelfaccio.com.br\/blog\/index.php\/wp-json\/wp\/v2\/posts"}],"about":[{"href":"https:\/\/www.miguelfaccio.com.br\/blog\/index.php\/wp-json\/wp\/v2\/types\/post"}],"author":[{"embeddable":true,"href":"https:\/\/www.miguelfaccio.com.br\/blog\/index.php\/wp-json\/wp\/v2\/users\/1"}],"replies":[{"embeddable":true,"href":"https:\/\/www.miguelfaccio.com.br\/blog\/index.php\/wp-json\/wp\/v2\/comments?post=19515"}],"version-history":[{"count":1,"href":"https:\/\/www.miguelfaccio.com.br\/blog\/index.php\/wp-json\/wp\/v2\/posts\/19515\/revisions"}],"predecessor-version":[{"id":19516,"href":"https:\/\/www.miguelfaccio.com.br\/blog\/index.php\/wp-json\/wp\/v2\/posts\/19515\/revisions\/19516"}],"wp:attachment":[{"href":"https:\/\/www.miguelfaccio.com.br\/blog\/index.php\/wp-json\/wp\/v2\/media?parent=19515"}],"wp:term":[{"taxonomy":"category","embeddable":true,"href":"https:\/\/www.miguelfaccio.com.br\/blog\/index.php\/wp-json\/wp\/v2\/categories?post=19515"},{"taxonomy":"post_tag","embeddable":true,"href":"https:\/\/www.miguelfaccio.com.br\/blog\/index.php\/wp-json\/wp\/v2\/tags?post=19515"}],"curies":[{"name":"wp","href":"https:\/\/api.w.org\/{rel}","templated":true}]}}